{"id":10762,"date":"2012-11-11T00:00:00","date_gmt":"2012-11-11T00:00:00","guid":{"rendered":"http:\/\/prensa.wp2.mendoza.gov.ar\/?p=10762"},"modified":"2012-11-11T00:00:00","modified_gmt":"2012-11-11T00:00:00","slug":"el-mercado-artesanal-festejo-35-anos-de-promocion-de-la-tradicion-folclorica-mendocina","status":"publish","type":"post","link":"https:\/\/www.mendoza.gov.ar\/prensa\/el-mercado-artesanal-festejo-35-anos-de-promocion-de-la-tradicion-folclorica-mendocina\/","title":{"rendered":"El Mercado Artesanal festej\u00f3 35 a\u00f1os de promoci\u00f3n de la tradici\u00f3n folcl\u00f3rica mendocina"},"content":{"rendered":"<!DOCTYPE html PUBLIC \"-\/\/W3C\/\/DTD HTML 4.0 Transitional\/\/EN\" \"http:\/\/www.w3.org\/TR\/REC-html40\/loose.dtd\">\n<html><body><p>El ministro de Desarrollo Social y Derechos Humanos, Guillermo Elizalde, particip&oacute; del acto de celebraci&oacute;n del 35&deg; Aniversario del Mercado Artesanal Mendocino y de la presentaci&oacute;n oficial del Consejo Provincial de Artesanos que se realize en el Mercado, San Mart&iacute;n 1133 de Ciudad.<\/p>\n<p>Estuvo acompa&ntilde;ado por el director de Econom&iacute;a Social, Eduardo Ruiz; el director de Promoci&oacute;n de Derechos Humanos, Rub&eacute;n Cuello, y por el intendente Alejandro Abraham, quien se acerc&oacute; a saludar a los trabajadores.<\/p>\n<p>El acto estuvo enmarcado por el colorido de las prendas y productos tradicionales, y por los n&uacute;meros art&iacute;sticos que incluyeron danzas folcl&oacute;ricas y la actuaci&oacute;n del Grupo Alturas.<\/p>\n<p>Adem&aacute;s, se aprovech&oacute; la ocasi&oacute;n para presentar el Consejo Provincial de Artesanos, como tambi&eacute;n se reconoci&oacute; a los trabajadores que acompa&ntilde;aron el nacimiento del Mercado y se distingui&oacute; a los artesanos que se destacaron por sus creaciones en festivales nacionales.<\/p>\n<p>Al respecto, Elizalde se&ntilde;al&oacute;: &ldquo;Celebramos este d&iacute;a de la Tradici&oacute;n en este lugar que es un s&iacute;mbolo para la provincia. Aqu&iacute; se encuentran artesan&iacute;as en cuero, mimbre, telar, que representan a generaciones de nosotros&rdquo;.<\/p>\n<p>&ldquo;Es una apuesta al trabajo, a la tradici&oacute;n y sobre todo a la inclusi&oacute;n y a nuestras ra&iacute;ces para que en conjunto, mantengamos estas creaciones. Estamos vinculando la cultura, el trabajo y el turismo en este lugar que representa un anclaje a la identidad de los mendocinos&rdquo;, agreg&oacute; el ministro.<\/p>\n<p>Por su parte, Eduardo Ruiz sostuvo: &ldquo;este es el espacio con que cuentan los artesanos mendocinos para aportar sus producciones concretas y ofrec&eacute;rselas a los mendocinos. Por ello, desde el Ministerio estamos acompa&ntilde;&aacute;ndolos y trabajando junto con ellos para fortalecer la producci&oacute;n creativa del sector&rdquo;.<\/p>\n<p>Asimismo, el director de Econom&iacute;a Social, afirm&oacute;: &ldquo;Si logramos que los mendocinos sigan comprando estos productos, estaremos apostando a la inclusi&oacute;n, a la posibilidad de que se mantenga este arte generacional&rdquo;.<\/p>\n<p>En tanto, una de las artesanas presentes, Iris Jofr&eacute;, agradeci&oacute; la iniciativa. Adem&aacute;s, manifest&oacute;: &ldquo;Nac&iacute; en Lavalle y me dedico al telar y al bastidor. Hago caminos de mesa, frazadas, ristros, cubrepi&eacute;s o bolsos y los vendo ac&aacute; en el Mercado y en forma particular. Confeccionar una pieza puede llevar desde dos o tres semanas a varios meses, depende lo que se quiera hacer, pero por suerte a la gente le gusta y lo est&aacute; empezando a valorar&rdquo;.<\/p>\n<p>El Mercado Artesanal ejecuta el programa social &ldquo;Promoci&oacute;n del Artesano Folcl&oacute;rico&rdquo;, que persigue la difusi&oacute;n, rescate y comercializaci&oacute;n de la artesan&iacute;a tradicional folcl&oacute;rica como una expresi&oacute;n genuina de la cultura nacional y popular.<\/p>\n<p>El artesano folcl&oacute;rico es un &ldquo;hacedor cultural&rdquo;, ya que con su trabajo cotidiano se incorpora a la econom&iacute;a activa de la provincia. Adem&aacute;s los productos provenientes de estas expresiones art&iacute;sticas cuentan con un valor agregado porque transmiten usos, costumbres y creencias que identifican y destacan la cultura tradicional mendocina.<\/p>\n<\/body><\/html>\n","protected":false},"excerpt":{"rendered":"El ministro de Desarrollo Social y Derechos Humanos, Guillermo Elizalde, particip&oacute; del acto de celebraci&oacute;n del 35&deg; Aniversario del Mercado Artesanal Mendocino y de la presentaci&oacute;n oficial del Consejo Provincial de Artesanos que se realize en el Mercado, San Mart&iacute;n 1133 de Ciudad. Estuvo acompa&ntilde;ado por el director de Econom&iacute;a Social, Eduardo Ruiz; el director&#8230; <a class=\"view-article\" href=\"https:\/\/www.mendoza.gov.ar\/prensa\/el-mercado-artesanal-festejo-35-anos-de-promocion-de-la-tradicion-folclorica-mendocina\/\"><\/a>","protected":false},"author":3,"featured_media":0,"comment_status":"closed","ping_status":"open","sticky":false,"template":"","format":"standard","meta":[],"categories":[11],"tags":[],"_links":{"self":[{"href":"https:\/\/www.mendoza.gov.ar\/prensa\/wp-json\/wp\/v2\/posts\/10762"}],"collection":[{"href":"https:\/\/www.mendoza.gov.ar\/prensa\/wp-json\/wp\/v2\/posts"}],"about":[{"href":"https:\/\/www.mendoza.gov.ar\/prensa\/wp-json\/wp\/v2\/types\/post"}],"author":[{"embeddable":true,"href":"https:\/\/www.mendoza.gov.ar\/prensa\/wp-json\/wp\/v2\/users\/3"}],"replies":[{"embeddable":true,"href":"https:\/\/www.mendoza.gov.ar\/prensa\/wp-json\/wp\/v2\/comments?post=10762"}],"version-history":[{"count":0,"href":"https:\/\/www.mendoza.gov.ar\/prensa\/wp-json\/wp\/v2\/posts\/10762\/revisions"}],"wp:attachment":[{"href":"https:\/\/www.mendoza.gov.ar\/prensa\/wp-json\/wp\/v2\/media?parent=10762"}],"wp:term":[{"taxonomy":"category","embeddable":true,"href":"https:\/\/www.mendoza.gov.ar\/prensa\/wp-json\/wp\/v2\/categories?post=10762"},{"taxonomy":"post_tag","embeddable":true,"href":"https:\/\/www.mendoza.gov.ar\/prensa\/wp-json\/wp\/v2\/tags?post=10762"}],"curies":[{"name":"wp","href":"https:\/\/api.w.org\/{rel}","templated":true}]}}