{"id":10769,"date":"2012-03-08T00:00:00","date_gmt":"2012-03-08T00:00:00","guid":{"rendered":"http:\/\/prensa.wp2.mendoza.gov.ar\/?p=10769"},"modified":"2012-03-08T00:00:00","modified_gmt":"2012-03-08T00:00:00","slug":"desarrollo-social-y-derechos-humanos-acompano-a-las-mujeres-en-su-dia","status":"publish","type":"post","link":"https:\/\/www.mendoza.gov.ar\/prensa\/desarrollo-social-y-derechos-humanos-acompano-a-las-mujeres-en-su-dia\/","title":{"rendered":"Desarrollo Social y Derechos Humanos acompa\u00f1\u00f3 a las mujeres en su d\u00eda"},"content":{"rendered":"<!DOCTYPE html PUBLIC \"-\/\/W3C\/\/DTD HTML 4.0 Transitional\/\/EN\" \"http:\/\/www.w3.org\/TR\/REC-html40\/loose.dtd\">\n<html><body><p>En un d&iacute;a que reivindica a las mujeres trabajadoras, y su lucha a trav&eacute;s de los a&ntilde;os, el ministro Guillermo Elizalde y su equipo ministerial compartieron la jornada con mujeres que desarrollan distintas tareas en el &aacute;mbito del Ministerio. A su vez continuar&aacute; acompa&ntilde;ando a las mujeres en los distintos actos y eventos programados para este d&iacute;a en la Legislatura, y el inicio de la edici&oacute;n 2012 del Americanto la el auditorio &Aacute;ngel Bustelo.<\/p>\n<p>El Ministerio de Desarrollo Social y Derechos Humanos celebr&oacute; con las mendocinas por el D&iacute;a Internacional de la Mujer. Compartieron con cuidadoras, docentes, madres que colaboran en distintos programas; empleadas administrativas y profesionales en donde desarrollan su tarea cotidiana.<\/p>\n<p><strong>Elizalde visit&oacute; el Hogar Santa Marta<\/strong><\/p>\n<p>Junto a la titular de la Direcci&oacute;n de Adultos Mayores, el Ministro recorri&oacute; las instalaciones del Hogar Santa Marta y las mejoras realizadas recientemente en el lugar, como el flamante consultorio odontol&oacute;gico.<\/p>\n<p>M&aacute;s de 25 mujeres que trabajan en la instituci&oacute;n recibieron al ministro y compartieron con &eacute;l experiencias y an&eacute;cdotas recogidas en la labor de todos los d&iacute;as.<\/p>\n<p>La directora de Adultos Mayores, Estela Flamarique, destac&oacute; la presencia del Ministro &ldquo;en este d&iacute;a especial, teniendo en cuenta que la mayor parte del personal de la instituci&oacute;n, son mujeres&rdquo;<\/p>\n<p><strong>Dolores Alfonso en el Operativo de Certificaci&oacute;n de discapacidad en Maip&uacute;<\/strong><\/p>\n<p>Tambi&eacute;n, en el transcurso de la ma&ntilde;ana la Subsecretaria de Familia Dolores Alfonso, acompa&ntilde;&oacute; al personal de la Direcci&oacute;n de Discapacidad y del &Aacute;rea Social del departamento de Maip&uacute; en el operativo de certificaci&oacute;n de discapacidad que desarrolla su cuarta jornada en ese municipio.<\/p>\n<p>Hoy, 80 personas pudieron iniciar sus tr&aacute;mites de certificaci&oacute;n. Fue en este marco, que se conmemor&oacute; el D&iacute;a Internacional de la Mujer. La subsecretaria Dolores Alfonso, destac&oacute; la importancia de este d&iacute;a y los avances obtenidos por las mujeres en sus luchas, durante a&ntilde;os y remarc&oacute; que &ldquo;hay que seguir trabajando para que todos los sectores m&aacute;s vulnerables, entre ellos las mujeres, tengan mayor acceso a sus derechos y as&iacute; lograr una provincia m&aacute;s inclusiva&rdquo;.<\/p>\n<p><strong>El subsecretario de Desarrollo Social, Rafael Moyano en el CEOS Arco Iris, del Barrio Campo Papa<\/strong><\/p>\n<p>El Subsecretario de Desarrollo Social, Rafael Moyano visit&oacute; el CEOS Arco Iris, del Barrio Campo Papa de Godoy Cruz, en donde la Direcci&oacute;n de Derecho a la Alimentaci&oacute;n trabaja con la Fundaci&oacute;n Coloba a trav&eacute;s de los programas &ldquo;Merienda saludable&rdquo; y &ldquo;Comer juntos en familias.&rdquo;<\/p>\n<p>El funcionario recorri&oacute; las instalaciones en donde la Fundaci&oacute;n Coloba trabaja junto a los vecinos del lugar.<\/p>\n<p>Moyano destac&oacute; el compromiso de las mujeres de la comunidad con la tarea que desarrolla la instituci&oacute;n. Lo que hacen estas mam&aacute;s es garantizar que estos chicos vivan como sujetos de derecho. &ldquo;Las mujeres son el pilar del proyecto de pa&iacute;s que queremos&rdquo;, dijo Moyano.<\/p>\n<p><strong>Homenaje en la Legislatura y Acto junto a las organizaciones de Mujeres<\/strong><\/p>\n<p>Por la tarde, el ministro Elizalde participar&aacute; del homenaje que se les realizar&aacute; a mujeres de distintos Departamentos de Mendoza, en la Legislatura Provincial. Lo acompa&ntilde;ar&aacute;n la subsecretaria de Derechos Humanos, Mar&iacute;a Jos&eacute; Ubaldini y la Directora de Mujeres, G&eacute;nero y Diversidad, Alicia Prada. Finalmente, se realizar&aacute; un acto en el Auditorio &Aacute;ngel Bustelo, donde participar&aacute;n mujeres de distintas organizaciones sociales con diversas actividades programadas en la entrada del Auditorio, para luego dar paso a la apertura del Americanto de la Mujer &ldquo;El Canto de Todos&rdquo;, donde se presentar&aacute; Teresa Parodi, en Homenaje a Mercedes Sosa.<\/p>\n<p>Este es un d&iacute;a que reivindica a las mujeres trabajadoras, y su lucha a trav&eacute;s de los a&ntilde;os contra la discriminaci&oacute;n. Entre sus frutos se contemplan los tratados internacionales de Derechos Humanos hasta nuestra Constituci&oacute;n Nacional en el a&ntilde;o 1994, en especial la Convenci&oacute;n para la Eliminaci&oacute;n de toda forma de discriminaci&oacute;n contra la Mujer y la reciente sanci&oacute;n de la Ley 26.485 y su reglamentaci&oacute;n. Esto ha otorgado un marco normativo que permite ir avanzando en los derechos pendientes para las todas las mujeres.<\/p>\n<\/body><\/html>\n","protected":false},"excerpt":{"rendered":"En un d&iacute;a que reivindica a las mujeres trabajadoras, y su lucha a trav&eacute;s de los a&ntilde;os, el ministro Guillermo Elizalde y su equipo ministerial compartieron la jornada con mujeres que desarrollan distintas tareas en el &aacute;mbito del Ministerio. A su vez continuar&aacute; acompa&ntilde;ando a las mujeres en los distintos actos y eventos programados para&#8230; <a class=\"view-article\" href=\"https:\/\/www.mendoza.gov.ar\/prensa\/desarrollo-social-y-derechos-humanos-acompano-a-las-mujeres-en-su-dia\/\"><\/a>","protected":false},"author":3,"featured_media":0,"comment_status":"closed","ping_status":"open","sticky":false,"template":"","format":"standard","meta":[],"categories":[11],"tags":[],"_links":{"self":[{"href":"https:\/\/www.mendoza.gov.ar\/prensa\/wp-json\/wp\/v2\/posts\/10769"}],"collection":[{"href":"https:\/\/www.mendoza.gov.ar\/prensa\/wp-json\/wp\/v2\/posts"}],"about":[{"href":"https:\/\/www.mendoza.gov.ar\/prensa\/wp-json\/wp\/v2\/types\/post"}],"author":[{"embeddable":true,"href":"https:\/\/www.mendoza.gov.ar\/prensa\/wp-json\/wp\/v2\/users\/3"}],"replies":[{"embeddable":true,"href":"https:\/\/www.mendoza.gov.ar\/prensa\/wp-json\/wp\/v2\/comments?post=10769"}],"version-history":[{"count":0,"href":"https:\/\/www.mendoza.gov.ar\/prensa\/wp-json\/wp\/v2\/posts\/10769\/revisions"}],"wp:attachment":[{"href":"https:\/\/www.mendoza.gov.ar\/prensa\/wp-json\/wp\/v2\/media?parent=10769"}],"wp:term":[{"taxonomy":"category","embeddable":true,"href":"https:\/\/www.mendoza.gov.ar\/prensa\/wp-json\/wp\/v2\/categories?post=10769"},{"taxonomy":"post_tag","embeddable":true,"href":"https:\/\/www.mendoza.gov.ar\/prensa\/wp-json\/wp\/v2\/tags?post=10769"}],"curies":[{"name":"wp","href":"https:\/\/api.w.org\/{rel}","templated":true}]}}