{"id":10784,"date":"2012-03-15T00:00:00","date_gmt":"2012-03-15T00:00:00","guid":{"rendered":"http:\/\/prensa.wp2.mendoza.gov.ar\/?p=10784"},"modified":"2012-03-15T00:00:00","modified_gmt":"2012-03-15T00:00:00","slug":"promueven-espacios-de-discusion-politica-para-jovenes","status":"publish","type":"post","link":"https:\/\/www.mendoza.gov.ar\/prensa\/promueven-espacios-de-discusion-politica-para-jovenes\/","title":{"rendered":"Promueven espacios de discusi\u00f3n pol\u00edtica para j\u00f3venes"},"content":{"rendered":"<!DOCTYPE html PUBLIC \"-\/\/W3C\/\/DTD HTML 4.0 Transitional\/\/EN\" \"http:\/\/www.w3.org\/TR\/REC-html40\/loose.dtd\">\n<html><body><p>El s&aacute;bado 17 se llevar&aacute; a cabo el primer Encuentro de Participaci&oacute;n Pol&iacute;tica y Juventud: Memoria, Verdad y Justicia &ldquo;Virginia Su&aacute;rez&rdquo; organizado en forma conjunta por el Ministerio de Desarrollo Social y Derechos Humanos y la Secretar&iacute;a Legal y T&eacute;cnica de Gobernaci&oacute;n.<\/p>\n<p>La idea es construir, a trav&eacute;s de sucesivos encuentros, un espacio inclusivo de participaci&oacute;n, donde los j&oacute;venes intercambien ideas y experiencias para que puedan repensar y enriquecer la militancia actual. Est&aacute; abierto a todas las agrupaciones pol&iacute;ticas.<\/p>\n<p>Este es el primero de una serie de jornadas con j&oacute;venes que tendr&aacute;n distintas tem&aacute;ticas. Ser&aacute; de 14 a 20 en la escuela Eva Per&oacute;n, ubicada en el parque General San Mart&iacute;n.<\/p>\n<p>En la oportunidad, participar&aacute;n organizaciones juveniles, de Derechos Humanos, ex presos pol&iacute;ticos y se espera a la familia de Virginia Su&aacute;rez, una estudiante desaparecida en Godoy Cruz durante la dictadura.<\/p>\n<p>El objetivo del encuentro, que encuadrado en la conmemoraci&oacute;n del 24 de marzo, tiene que ver con que los j&oacute;venes puedan compartir experiencias del pasado, y que el intercambio no s&oacute;lo sea una actividad conmemorativa sino tambi&eacute;n que sirva para repensar y enriquecer la militancia actual de los j&oacute;venes. De esta manera, se promueve la integraci&oacute;n de los sectores y la construcci&oacute;n de ciudadan&iacute;a.<\/p>\n<p>Este encuentro va a tener un primer momento que constar&aacute; de una serie de conferencias, luego habr&aacute; dos instancias testimoniales, de experiencias particulares respecto a la militancia. Posteriormente, se har&aacute; una presentaci&oacute;n m&aacute;s conceptual de las nociones sociopol&iacute;ticas de la Argentina que facilitaron la participaci&oacute;n pol&iacute;tica de los j&oacute;venes.<\/p>\n<p>Despu&eacute;s se trabajar&aacute; en talleres con ejes tem&aacute;ticos relativos a los desaf&iacute;os actuales y futuros para la participaci&oacute;n pol&iacute;tica juvenil, las distintas motivaciones que tuvo y tiene la militancia, las banderas generacionales, los modelos socioecon&oacute;micos de nuestro pa&iacute;s y que influencia tuvieron y tienen en la participaci&oacute;n pol&iacute;tica y cu&aacute;les pueden ser los caminos que tienen los j&oacute;venes para poder instalar los temas de inter&eacute;s en la construcci&oacute;n de pol&iacute;ticas p&uacute;blicas.<\/p>\n<p>Dolores Alfonso, subsecretaria de Familia se&ntilde;al&oacute; al respecto: &ldquo;De alguna manera, como Gobierno creemos que poder esta actitud abierta, de convocatoria, con otras organizaciones, para que ellos se sientan tambi&eacute;n parte de nuestra democracia para que los ciudadanos tengamos oportunidad de expresarnos libremente, de compartir, debatir&rdquo;.<\/p>\n<\/body><\/html>\n","protected":false},"excerpt":{"rendered":"El s&aacute;bado 17 se llevar&aacute; a cabo el primer Encuentro de Participaci&oacute;n Pol&iacute;tica y Juventud: Memoria, Verdad y Justicia &ldquo;Virginia Su&aacute;rez&rdquo; organizado en forma conjunta por el Ministerio de Desarrollo Social y Derechos Humanos y la Secretar&iacute;a Legal y T&eacute;cnica de Gobernaci&oacute;n. La idea es construir, a trav&eacute;s de sucesivos encuentros, un espacio inclusivo de&#8230; <a class=\"view-article\" href=\"https:\/\/www.mendoza.gov.ar\/prensa\/promueven-espacios-de-discusion-politica-para-jovenes\/\"><\/a>","protected":false},"author":3,"featured_media":0,"comment_status":"closed","ping_status":"open","sticky":false,"template":"","format":"standard","meta":[],"categories":[11],"tags":[],"_links":{"self":[{"href":"https:\/\/www.mendoza.gov.ar\/prensa\/wp-json\/wp\/v2\/posts\/10784"}],"collection":[{"href":"https:\/\/www.mendoza.gov.ar\/prensa\/wp-json\/wp\/v2\/posts"}],"about":[{"href":"https:\/\/www.mendoza.gov.ar\/prensa\/wp-json\/wp\/v2\/types\/post"}],"author":[{"embeddable":true,"href":"https:\/\/www.mendoza.gov.ar\/prensa\/wp-json\/wp\/v2\/users\/3"}],"replies":[{"embeddable":true,"href":"https:\/\/www.mendoza.gov.ar\/prensa\/wp-json\/wp\/v2\/comments?post=10784"}],"version-history":[{"count":0,"href":"https:\/\/www.mendoza.gov.ar\/prensa\/wp-json\/wp\/v2\/posts\/10784\/revisions"}],"wp:attachment":[{"href":"https:\/\/www.mendoza.gov.ar\/prensa\/wp-json\/wp\/v2\/media?parent=10784"}],"wp:term":[{"taxonomy":"category","embeddable":true,"href":"https:\/\/www.mendoza.gov.ar\/prensa\/wp-json\/wp\/v2\/categories?post=10784"},{"taxonomy":"post_tag","embeddable":true,"href":"https:\/\/www.mendoza.gov.ar\/prensa\/wp-json\/wp\/v2\/tags?post=10784"}],"curies":[{"name":"wp","href":"https:\/\/api.w.org\/{rel}","templated":true}]}}