{"id":10785,"date":"2012-03-15T00:00:00","date_gmt":"2012-03-15T00:00:00","guid":{"rendered":"http:\/\/prensa.wp2.mendoza.gov.ar\/?p=10785"},"modified":"2012-03-15T00:00:00","modified_gmt":"2012-03-15T00:00:00","slug":"continua-el-asesoramiento-juridico-a-los-vecinos-de-guaymallen","status":"publish","type":"post","link":"https:\/\/www.mendoza.gov.ar\/prensa\/continua-el-asesoramiento-juridico-a-los-vecinos-de-guaymallen\/","title":{"rendered":"Contin\u00faa el asesoramiento jur\u00eddico a los vecinos de Guaymall\u00e9n"},"content":{"rendered":"<!DOCTYPE html PUBLIC \"-\/\/W3C\/\/DTD HTML 4.0 Transitional\/\/EN\" \"http:\/\/www.w3.org\/TR\/REC-html40\/loose.dtd\">\n<html><body><p>A trav&eacute;s de un convenio firmado entre el Ministerio de Desarrollo Social y Derechos Humanos y la Suprema Corte de Justicia, profesionales de la Direcci&oacute;n de Mujeres, G&eacute;nero y Diversidad de la Subsecretar&iacute;a de Derechos Humanos acompa&ntilde;an al Centro M&oacute;vil de Informaci&oacute;n Judicial de la Suprema Corte de Justicia para informar y asesorar a los vecinos de la zona, sobre temas jur&iacute;dicos, en forma gratuita.<\/p>\n<p>Brindar accesibilidad a los servicios de asesoramiento legal y social; conformar equipos mixtos y abordajes integrados entre ambos poderes, cubriendo todo el territorio es el objetivo de esta tarea.<\/p>\n<p>El &aacute;rea de g&eacute;nero de la Provincia acompa&ntilde;a al M&oacute;vil de Informaci&oacute;n Judicial desde el 2009, donde ofrece asesoramiento jur&iacute;dico gratuito y orientaci&oacute;n sobre c&oacute;mo realizar una denuncia ante casos de maltrato o violencia dom&eacute;stica.<\/p>\n<p>Contacto: Lic. Alicia Prada, Dra. Liliana Cappadona &ndash; Direcci&oacute;n de las Mujeres, G&eacute;nero y Diversidad. Tel: 4492103\/04\/05<\/p>\n<\/body><\/html>\n","protected":false},"excerpt":{"rendered":"A trav&eacute;s de un convenio firmado entre el Ministerio de Desarrollo Social y Derechos Humanos y la Suprema Corte de Justicia, profesionales de la Direcci&oacute;n de Mujeres, G&eacute;nero y Diversidad de la Subsecretar&iacute;a de Derechos Humanos acompa&ntilde;an al Centro M&oacute;vil de Informaci&oacute;n Judicial de la Suprema Corte de Justicia para informar y asesorar a los&#8230; <a class=\"view-article\" href=\"https:\/\/www.mendoza.gov.ar\/prensa\/continua-el-asesoramiento-juridico-a-los-vecinos-de-guaymallen\/\"><\/a>","protected":false},"author":3,"featured_media":0,"comment_status":"closed","ping_status":"open","sticky":false,"template":"","format":"standard","meta":[],"categories":[11],"tags":[],"_links":{"self":[{"href":"https:\/\/www.mendoza.gov.ar\/prensa\/wp-json\/wp\/v2\/posts\/10785"}],"collection":[{"href":"https:\/\/www.mendoza.gov.ar\/prensa\/wp-json\/wp\/v2\/posts"}],"about":[{"href":"https:\/\/www.mendoza.gov.ar\/prensa\/wp-json\/wp\/v2\/types\/post"}],"author":[{"embeddable":true,"href":"https:\/\/www.mendoza.gov.ar\/prensa\/wp-json\/wp\/v2\/users\/3"}],"replies":[{"embeddable":true,"href":"https:\/\/www.mendoza.gov.ar\/prensa\/wp-json\/wp\/v2\/comments?post=10785"}],"version-history":[{"count":0,"href":"https:\/\/www.mendoza.gov.ar\/prensa\/wp-json\/wp\/v2\/posts\/10785\/revisions"}],"wp:attachment":[{"href":"https:\/\/www.mendoza.gov.ar\/prensa\/wp-json\/wp\/v2\/media?parent=10785"}],"wp:term":[{"taxonomy":"category","embeddable":true,"href":"https:\/\/www.mendoza.gov.ar\/prensa\/wp-json\/wp\/v2\/categories?post=10785"},{"taxonomy":"post_tag","embeddable":true,"href":"https:\/\/www.mendoza.gov.ar\/prensa\/wp-json\/wp\/v2\/tags?post=10785"}],"curies":[{"name":"wp","href":"https:\/\/api.w.org\/{rel}","templated":true}]}}