{"id":10786,"date":"2012-03-16T00:00:00","date_gmt":"2012-03-16T00:00:00","guid":{"rendered":"http:\/\/prensa.wp2.mendoza.gov.ar\/?p=10786"},"modified":"2012-03-16T00:00:00","modified_gmt":"2012-03-16T00:00:00","slug":"formularan-un-plan-de-educacion-y-trabajo-para-jovenes-del-sistema-de-responsabilidad-penal-juvenil","status":"publish","type":"post","link":"https:\/\/www.mendoza.gov.ar\/prensa\/formularan-un-plan-de-educacion-y-trabajo-para-jovenes-del-sistema-de-responsabilidad-penal-juvenil\/","title":{"rendered":"Formular\u00e1n un plan de educaci\u00f3n y trabajo para j\u00f3venes del Sistema de Responsabilidad Penal Juvenil"},"content":{"rendered":"<!DOCTYPE html PUBLIC \"-\/\/W3C\/\/DTD HTML 4.0 Transitional\/\/EN\" \"http:\/\/www.w3.org\/TR\/REC-html40\/loose.dtd\">\n<html><body><p>Con el objetivo de elaborar un plan de trabajo que vincule la necesidad de formaci&oacute;n, contenci&oacute;n e inserci&oacute;n laboral de los j&oacute;venes infractores de la ley penal, se reunieron representantes del &aacute;rea de Econom&iacute;a Social y personal del Sistema de Responsabilidad Penal Juvenil.&nbsp;<\/p>\n<p>La propuesta es parte de un proceso que incluye a toda el &aacute;rea de Ni&ntilde;ez, Adolescencia y Familia y supone el desarrollo de un plan integral centrado en la educaci&oacute;n y el trabajo.<\/p>\n<p>Como parte de las tareas se har&aacute; un relevamiento de las necesidades institucionales y tambi&eacute;n de las posibilidades que se dan en el marco de la ley 26.061(Protecci&oacute;n Integral de Derechos de Ni&ntilde;as, Ni&ntilde;os y Adolescentes) en el sentido de la promoci&oacute;n y educaci&oacute;n de los j&oacute;venes para su incorporaci&oacute;n al trabajo e inclusi&oacute;n social.<\/p>\n<p>La idea es vincular los procesos de formaci&oacute;n con las posibilidades de integraci&oacute;n a trav&eacute;s de procesos productivos y laborales. Todo esto con un abordaje amplio que incluya en su an&aacute;lisis y desarrollo la participaci&oacute;n de la familia para lograr una mayor efectividad y compromiso. <\/p>\n<p>Estuvieron presentes en la reuni&oacute;n, la Directora del Sistema de &nbsp;Responsabilidad Penal Juvenil, Ana Rosich y el Director de Econom&iacute;a Social, Eduardo Ruiz acompa&ntilde;ado por el equipo t&eacute;cnico de su &aacute;rea.<\/p>\n<\/body><\/html>\n","protected":false},"excerpt":{"rendered":"Con el objetivo de elaborar un plan de trabajo que vincule la necesidad de formaci&oacute;n, contenci&oacute;n e inserci&oacute;n laboral de los j&oacute;venes infractores de la ley penal, se reunieron representantes del &aacute;rea de Econom&iacute;a Social y personal del Sistema de Responsabilidad Penal Juvenil.&nbsp; La propuesta es parte de un proceso que incluye a toda el&#8230; <a class=\"view-article\" href=\"https:\/\/www.mendoza.gov.ar\/prensa\/formularan-un-plan-de-educacion-y-trabajo-para-jovenes-del-sistema-de-responsabilidad-penal-juvenil\/\"><\/a>","protected":false},"author":3,"featured_media":0,"comment_status":"closed","ping_status":"open","sticky":false,"template":"","format":"standard","meta":[],"categories":[11],"tags":[],"_links":{"self":[{"href":"https:\/\/www.mendoza.gov.ar\/prensa\/wp-json\/wp\/v2\/posts\/10786"}],"collection":[{"href":"https:\/\/www.mendoza.gov.ar\/prensa\/wp-json\/wp\/v2\/posts"}],"about":[{"href":"https:\/\/www.mendoza.gov.ar\/prensa\/wp-json\/wp\/v2\/types\/post"}],"author":[{"embeddable":true,"href":"https:\/\/www.mendoza.gov.ar\/prensa\/wp-json\/wp\/v2\/users\/3"}],"replies":[{"embeddable":true,"href":"https:\/\/www.mendoza.gov.ar\/prensa\/wp-json\/wp\/v2\/comments?post=10786"}],"version-history":[{"count":0,"href":"https:\/\/www.mendoza.gov.ar\/prensa\/wp-json\/wp\/v2\/posts\/10786\/revisions"}],"wp:attachment":[{"href":"https:\/\/www.mendoza.gov.ar\/prensa\/wp-json\/wp\/v2\/media?parent=10786"}],"wp:term":[{"taxonomy":"category","embeddable":true,"href":"https:\/\/www.mendoza.gov.ar\/prensa\/wp-json\/wp\/v2\/categories?post=10786"},{"taxonomy":"post_tag","embeddable":true,"href":"https:\/\/www.mendoza.gov.ar\/prensa\/wp-json\/wp\/v2\/tags?post=10786"}],"curies":[{"name":"wp","href":"https:\/\/api.w.org\/{rel}","templated":true}]}}