{"id":10788,"date":"2012-03-17T00:00:00","date_gmt":"2012-03-17T00:00:00","guid":{"rendered":"http:\/\/prensa.wp2.mendoza.gov.ar\/?p=10788"},"modified":"2012-03-17T00:00:00","modified_gmt":"2012-03-17T00:00:00","slug":"semana-de-la-memoria-cientos-de-jovenes-protagonizaron-una-jornada-de-reflexion-politica","status":"publish","type":"post","link":"https:\/\/www.mendoza.gov.ar\/prensa\/semana-de-la-memoria-cientos-de-jovenes-protagonizaron-una-jornada-de-reflexion-politica\/","title":{"rendered":"Semana de la Memoria: cientos de j\u00f3venes protagonizaron una jornada de reflexi\u00f3n pol\u00edtica"},"content":{"rendered":"<!DOCTYPE html PUBLIC \"-\/\/W3C\/\/DTD HTML 4.0 Transitional\/\/EN\" \"http:\/\/www.w3.org\/TR\/REC-html40\/loose.dtd\">\n<html><body><p>Funcionarios del Ejecutivo y  referentes de los organismos de Derechos Humanos compartieron con los estudiantes y la juventud de las  organizaciones sociales y pol&iacute;ticas  de Mendoza, el I Encuentro de participaci&oacute;n pol&iacute;tica, con el que comenz&oacute; la semana de la Memoria, por la Verdad y la Justicia.<\/p>\n<p>Las palabras de Aid&eacute; Moreno de Suarez  resonaron en el Auditorio de la Escuela Hogar Eva Per&oacute;n, lugar donde se organiz&oacute; el encuentro &ldquo;Yo les quiero recordar a todos los j&oacute;venes que la violencia  de la Dictadura no se pierde nunca&rdquo;<\/p>\n<p>Aid&eacute;,  madre de Virginia Suarez, una militante social desaparecida en Godoy Cruz en  mayo de 1976,  abri&oacute;  la jornada  en la que junto a los j&oacute;venes  participaron el ministro de Desarrollo Social y Derechos Humanos,  Guillermo Elizalde,  los subsecretarios de la cartera, Rafael Moyano, Mar&iacute;a Jos&eacute; Ubladini y Dolores Alfonso; el  subsecretario de la Gesti&oacute;n P&uacute;blica, Antonio Araya, y la directora de la de la Escuela de Gobierno  Gabriela Baz&aacute;n, entre otros funcionarios del ejecutivo .<\/p>\n<p>Con el encuentro que congreg&oacute; a j&oacute;venes de agrupaciones pol&iacute;ticas y sociales de la Provincia  inici&oacute; la semana de la Memoria, por la Verdad y la Justicia,  en la que est&aacute;n programadas una serie de actividades  en el marco de la conmemoraci&oacute;n del  24 marzo.<\/p>\n<p>Emocionado con las palabras de la madre de Virginia, el ministro Elizalde se&ntilde;al&oacute;: &ldquo;Recordamos a muchos j&oacute;venes que iluminaron con sus luchas la historia de nuestra Argentina, y cuyo fuego fue apagado por una dictadura asesina.&rdquo;<\/p>\n<p>El titular de Desarrollo Social y Derechos Humanos destac&oacute;: &ldquo;Ser militante marca necesariamente la vida del que emprende ese camino, de la militancia uno obtiene no solo una forma de ver el mundo, de priorizar  valores, sino tambi&eacute;n en muchos casos  vamos encontrando los amigos de la vida y en otros hasta  conoces a aquel que ser&aacute; tu compa&ntilde;ero o compa&ntilde;era para armar una familia&rdquo;, dijo.<\/p>\n<p>El ministro record&oacute; a los miles de j&oacute;venes que perdieron su vida en la &uacute;ltima Dictadura: &ldquo;Creo que un joven que es militante es uno de esos fuegos que encienden. Hoy tambi&eacute;n recordamos a muchos j&oacute;venes que iluminaron con sus luchas la historia de nuestra argentina, y cuyo fuego fue apagado por una dictadura asesina&rdquo;.<\/p>\n\n<p><strong>Panel Memoria para la Verdad y la Justicia<\/strong><\/p>\n<p>Referentes de organismos de Derechos Humanos, ex presos pol&iacute;ticos  y funcionarios de las &aacute;reas que trabajan en esta tem&aacute;tica en la Provincia y la Naci&oacute;n,  expusieron sobre  la participaci&oacute;n juvenil  en la d&eacute;cada del &rsquo;70, describieron la situaci&oacute;n en la que se encontraba el Pa&iacute;s antes de la Dictadura y analizaron las dolorosas consecuencias que dej&oacute; esta etapa de nuestra historia.<\/p>\n<p>El Panel estuvo conformado por  Eugenio  Paris;  Silvia Ontiveros; Pedro Sandoval  y los funcionarios:  Marcelo Stern;  Vanina Abraham; C&eacute;sar Maturano y Gabriela Baz&aacute;n.<\/p>\n<\/body><\/html>\n","protected":false},"excerpt":{"rendered":"Funcionarios del Ejecutivo y referentes de los organismos de Derechos Humanos compartieron con los estudiantes y la juventud de las organizaciones sociales y pol&iacute;ticas de Mendoza, el I Encuentro de participaci&oacute;n pol&iacute;tica, con el que comenz&oacute; la semana de la Memoria, por la Verdad y la Justicia. Las palabras de Aid&eacute; Moreno de Suarez resonaron&#8230; <a class=\"view-article\" href=\"https:\/\/www.mendoza.gov.ar\/prensa\/semana-de-la-memoria-cientos-de-jovenes-protagonizaron-una-jornada-de-reflexion-politica\/\"><\/a>","protected":false},"author":3,"featured_media":0,"comment_status":"closed","ping_status":"open","sticky":false,"template":"","format":"standard","meta":[],"categories":[11],"tags":[],"_links":{"self":[{"href":"https:\/\/www.mendoza.gov.ar\/prensa\/wp-json\/wp\/v2\/posts\/10788"}],"collection":[{"href":"https:\/\/www.mendoza.gov.ar\/prensa\/wp-json\/wp\/v2\/posts"}],"about":[{"href":"https:\/\/www.mendoza.gov.ar\/prensa\/wp-json\/wp\/v2\/types\/post"}],"author":[{"embeddable":true,"href":"https:\/\/www.mendoza.gov.ar\/prensa\/wp-json\/wp\/v2\/users\/3"}],"replies":[{"embeddable":true,"href":"https:\/\/www.mendoza.gov.ar\/prensa\/wp-json\/wp\/v2\/comments?post=10788"}],"version-history":[{"count":0,"href":"https:\/\/www.mendoza.gov.ar\/prensa\/wp-json\/wp\/v2\/posts\/10788\/revisions"}],"wp:attachment":[{"href":"https:\/\/www.mendoza.gov.ar\/prensa\/wp-json\/wp\/v2\/media?parent=10788"}],"wp:term":[{"taxonomy":"category","embeddable":true,"href":"https:\/\/www.mendoza.gov.ar\/prensa\/wp-json\/wp\/v2\/categories?post=10788"},{"taxonomy":"post_tag","embeddable":true,"href":"https:\/\/www.mendoza.gov.ar\/prensa\/wp-json\/wp\/v2\/tags?post=10788"}],"curies":[{"name":"wp","href":"https:\/\/api.w.org\/{rel}","templated":true}]}}