{"id":10804,"date":"2012-03-26T00:00:00","date_gmt":"2012-03-26T00:00:00","guid":{"rendered":"http:\/\/prensa.wp2.mendoza.gov.ar\/?p=10804"},"modified":"2012-03-26T00:00:00","modified_gmt":"2012-03-26T00:00:00","slug":"capacitaran-sobre-deteccion-y-prevencion-de-trata-personas-con-fines-de-explotacion","status":"publish","type":"post","link":"https:\/\/www.mendoza.gov.ar\/prensa\/capacitaran-sobre-deteccion-y-prevencion-de-trata-personas-con-fines-de-explotacion\/","title":{"rendered":"Capacitar\u00e1n sobre detecci\u00f3n y prevenci\u00f3n de trata personas con fines de explotaci\u00f3n"},"content":{"rendered":"<!DOCTYPE html PUBLIC \"-\/\/W3C\/\/DTD HTML 4.0 Transitional\/\/EN\" \"http:\/\/www.w3.org\/TR\/REC-html40\/loose.dtd\">\n<html><body><p>La directora de Promoci&oacute;n de Derechos Humanos, Vanina Abraham, abrir&aacute; la Primera jornada de capacitaci&oacute;n sobre detecci&oacute;n y prevenci&oacute;n de la trata personas con fines de explotaci&oacute;n laboral.<\/p>\n<p>El curso tiene como fin generar conciencia sobre la problem&aacute;tica de la trata de personas y promover la prevenci&oacute;n y abordaje de este delito por parte de los distintos organismos del Estado.<\/p>\n<p>En este primer encuentro, participar&aacute;n 50 inspectores de la Subsecretar&iacute;a de Trabajo y Seguridad Social del Gran Mendoza.<\/p>\n<p>En una pr&oacute;xima etapa, la capacitaci&oacute;n llegar&aacute; a las delegaciones de la Subsecretar&iacute;a de Trabajo del resto de la provincia.<\/p>\n<p>La trata de personas es un crimen que somete anualmente a nivel mundial a millones de personas a condiciones de esclavitud y seg&uacute;n estimaciones de la OIT es el tercer crimen m&aacute;s lucrativo a nivel planetario.<\/p>\n<\/body><\/html>\n","protected":false},"excerpt":{"rendered":"La directora de Promoci&oacute;n de Derechos Humanos, Vanina Abraham, abrir&aacute; la Primera jornada de capacitaci&oacute;n sobre detecci&oacute;n y prevenci&oacute;n de la trata personas con fines de explotaci&oacute;n laboral. El curso tiene como fin generar conciencia sobre la problem&aacute;tica de la trata de personas y promover la prevenci&oacute;n y abordaje de este delito por parte de&#8230; <a class=\"view-article\" href=\"https:\/\/www.mendoza.gov.ar\/prensa\/capacitaran-sobre-deteccion-y-prevencion-de-trata-personas-con-fines-de-explotacion\/\"><\/a>","protected":false},"author":3,"featured_media":0,"comment_status":"closed","ping_status":"open","sticky":false,"template":"","format":"standard","meta":[],"categories":[11],"tags":[],"_links":{"self":[{"href":"https:\/\/www.mendoza.gov.ar\/prensa\/wp-json\/wp\/v2\/posts\/10804"}],"collection":[{"href":"https:\/\/www.mendoza.gov.ar\/prensa\/wp-json\/wp\/v2\/posts"}],"about":[{"href":"https:\/\/www.mendoza.gov.ar\/prensa\/wp-json\/wp\/v2\/types\/post"}],"author":[{"embeddable":true,"href":"https:\/\/www.mendoza.gov.ar\/prensa\/wp-json\/wp\/v2\/users\/3"}],"replies":[{"embeddable":true,"href":"https:\/\/www.mendoza.gov.ar\/prensa\/wp-json\/wp\/v2\/comments?post=10804"}],"version-history":[{"count":0,"href":"https:\/\/www.mendoza.gov.ar\/prensa\/wp-json\/wp\/v2\/posts\/10804\/revisions"}],"wp:attachment":[{"href":"https:\/\/www.mendoza.gov.ar\/prensa\/wp-json\/wp\/v2\/media?parent=10804"}],"wp:term":[{"taxonomy":"category","embeddable":true,"href":"https:\/\/www.mendoza.gov.ar\/prensa\/wp-json\/wp\/v2\/categories?post=10804"},{"taxonomy":"post_tag","embeddable":true,"href":"https:\/\/www.mendoza.gov.ar\/prensa\/wp-json\/wp\/v2\/tags?post=10804"}],"curies":[{"name":"wp","href":"https:\/\/api.w.org\/{rel}","templated":true}]}}