{"id":10818,"date":"2012-04-04T00:00:00","date_gmt":"2012-04-04T00:00:00","guid":{"rendered":"http:\/\/prensa.wp2.mendoza.gov.ar\/?p=10818"},"modified":"2012-04-04T00:00:00","modified_gmt":"2012-04-04T00:00:00","slug":"ya-esta-el-formulario-para-la-pension-de-ex-presos-politicos","status":"publish","type":"post","link":"https:\/\/www.mendoza.gov.ar\/prensa\/ya-esta-el-formulario-para-la-pension-de-ex-presos-politicos\/","title":{"rendered":"Ya est\u00e1 el formulario para la pensi\u00f3n de ex presos pol\u00edticos"},"content":{"rendered":"<!DOCTYPE html PUBLIC \"-\/\/W3C\/\/DTD HTML 4.0 Transitional\/\/EN\" \"http:\/\/www.w3.org\/TR\/REC-html40\/loose.dtd\">\n<html><body><p>En el marco del Decreto 514, comenzar&aacute; la inscripci&oacute;n de las personas incluidas en el sistema de reparaci&oacute;n para las v&iacute;ctimas del terrorismo de estado, el pr&oacute;ximo lunes, a partir de las 9, en la Planta Baja del Cuerpo Central de Casa de Gobierno.<\/p>\n<p>Personal del Ministerio de la Desarrollo Social y Derechos Humanos, a trav&eacute;s de la Subsecretar&iacute;a de Derechos Humanos, brindar&aacute; asesoramiento e inscribir&aacute;n a las personas que fueron privadas de libertad por razones pol&iacute;ticas durante la &uacute;ltima dictadura.<\/p>\n<p>Seg&uacute;n lo establece el Decreto 514 firmado por el gobernador Francisco P&eacute;rez el &uacute;ltimo 24 de marzo, pueden acceder a esta reparaci&oacute;n las personas que hayan sufrido privaci&oacute;n ileg&iacute;tima de la libertad y\/o haber estado detenido y\/o desaparecido y\/o condenado entre el 24 de Marzo de 1976 y el 10 de diciembre de 1983 como consecuencia del accionar represivo de las Fuerzas Armadas, de Seguridad o de cualquier otro grupo similar por causas pol&iacute;ticas, gremiales o estudiantiles.<\/p>\n<p>Quienes completen el tr&aacute;mite percibir&aacute;n una pensi&oacute;n vitalicia por un monto equivalente a una clase 10 del escalaf&oacute;n profesional de la Administraci&oacute;n P&uacute;blica.<\/p>\n<p>Los formularios para iniciar la tramitaci&oacute;n ya est&aacute;n disponibles en la p&aacute;gina web www.social.mendoza.gov.ar, en donde tambi&eacute;n pueden consultarse los requisitos para acceder al beneficio.<\/p>\n<p>Condiciones para acceder a la pensi&oacute;n vitalicia<\/p>\n<p>Los solicitantes del beneficio vitalicio de pago mensual establecido deber&aacute;n presentar, ante la Subsecretar&iacute;a de Derechos Humanos del Ministerio de Desarrollo Social y Derechos Humanos, la siguiente documentaci&oacute;n:<\/p>\n<p>&ndash; Solicitud del beneficio en el formulario que, a tal efecto, proveer&aacute; la autoridad competente, en el que realizar&aacute; una relaci&oacute;n sucinta de los hechos que la justifican y el ofrecimiento de toda la prueba que disponga a tal fin.<\/p>\n<p>&ndash; Copia certificada por la autoridad competente del documento de identidad, libreta de enrolamiento, libreta c&iacute;vica o pasaporte.<\/p>\n<p>&ndash; Declaraci&oacute;n Jurada manifestando que no es beneficiario de prestaci&oacute;n mensual o pensi&oacute;n, de origen nacional, provincial o municipal, derivada de la misma situaci&oacute;n que justifica el otorgamiento del presente beneficio. En caso que fuera beneficiario de una prestaci&oacute;n mensual o pensi&oacute;n -ya sea de origen nacional, provincial o municipal-, derivada de la misma situaci&oacute;n que justifica el otorgamiento de esta pensi&oacute;n, deber&aacute; acompa&ntilde;ar la declaraci&oacute;n por escrito manifestando su opci&oacute;n por el beneficio que por la presente se reglamenta y el compromiso de renunciar al otro beneficio cuando se reconozca el presente.<\/p>\n<p>&ndash; Copia certificada, por la autoridad competente, de toda documentaci&oacute;n que acredite las condiciones necesarias para acceder al beneficio. En especial la siguiente:<\/p>\n<p>&ndash; Documento p&uacute;blico del que surja su estado como, posible beneficiario seg&uacute;n el Art&iacute;culo 1&ordm; de la ley a saber: realizaci&oacute;n de Consejo de Guerra y\/o estar a disposici&oacute;n del Poder Ejecutivo Nacional y\/o haber sido procesado en Tribunales Ordinarios por las leyes mencionadas en dicho art&iacute;culo.<\/p>\n<p>&ndash; Cualquier otro documento p&uacute;blico emanado de organismos estatales nacionales o internacionales que comprueben su privaci&oacute;n ileg&iacute;tima de la libertad y\/o haber estado detenido y\/o desaparecido y\/o condenado entre el 24 de Marzo de 1976 y el 10 de diciembre de 1983 como consecuencia del accionar represivo de las Fuerzas Armadas, de Seguridad o de cualquier otro grupo similar por causas pol&iacute;ticas, gremiales o estudiantiles.<\/p>\n<p>&ndash; Certificado expedido por el Juzgado Federal Electoral y\/o documentos p&uacute;blicos o privados que acrediten que el o la solicitante ten&iacute;a domicilio real en la Provincia de Mendoza al momento del hecho generador del beneficio y al momento de la solicitud del mismo.<\/p>\n<p>La autoridad competente evaluar&aacute; la pertinencia de otros medios de prueba, a fin de acreditar las condiciones necesarias para acceder al beneficio.<\/p>\n<\/body><\/html>\n","protected":false},"excerpt":{"rendered":"En el marco del Decreto 514, comenzar&aacute; la inscripci&oacute;n de las personas incluidas en el sistema de reparaci&oacute;n para las v&iacute;ctimas del terrorismo de estado, el pr&oacute;ximo lunes, a partir de las 9, en la Planta Baja del Cuerpo Central de Casa de Gobierno. Personal del Ministerio de la Desarrollo Social y Derechos Humanos, a&#8230; <a class=\"view-article\" href=\"https:\/\/www.mendoza.gov.ar\/prensa\/ya-esta-el-formulario-para-la-pension-de-ex-presos-politicos\/\"><\/a>","protected":false},"author":3,"featured_media":0,"comment_status":"closed","ping_status":"open","sticky":false,"template":"","format":"standard","meta":[],"categories":[11],"tags":[],"_links":{"self":[{"href":"https:\/\/www.mendoza.gov.ar\/prensa\/wp-json\/wp\/v2\/posts\/10818"}],"collection":[{"href":"https:\/\/www.mendoza.gov.ar\/prensa\/wp-json\/wp\/v2\/posts"}],"about":[{"href":"https:\/\/www.mendoza.gov.ar\/prensa\/wp-json\/wp\/v2\/types\/post"}],"author":[{"embeddable":true,"href":"https:\/\/www.mendoza.gov.ar\/prensa\/wp-json\/wp\/v2\/users\/3"}],"replies":[{"embeddable":true,"href":"https:\/\/www.mendoza.gov.ar\/prensa\/wp-json\/wp\/v2\/comments?post=10818"}],"version-history":[{"count":0,"href":"https:\/\/www.mendoza.gov.ar\/prensa\/wp-json\/wp\/v2\/posts\/10818\/revisions"}],"wp:attachment":[{"href":"https:\/\/www.mendoza.gov.ar\/prensa\/wp-json\/wp\/v2\/media?parent=10818"}],"wp:term":[{"taxonomy":"category","embeddable":true,"href":"https:\/\/www.mendoza.gov.ar\/prensa\/wp-json\/wp\/v2\/categories?post=10818"},{"taxonomy":"post_tag","embeddable":true,"href":"https:\/\/www.mendoza.gov.ar\/prensa\/wp-json\/wp\/v2\/tags?post=10818"}],"curies":[{"name":"wp","href":"https:\/\/api.w.org\/{rel}","templated":true}]}}