{"id":10831,"date":"2012-04-13T00:00:00","date_gmt":"2012-04-13T00:00:00","guid":{"rendered":"http:\/\/prensa.wp2.mendoza.gov.ar\/?p=10831"},"modified":"2012-04-13T00:00:00","modified_gmt":"2012-04-13T00:00:00","slug":"ciurca-entrego-un-vehiculo-utilitario-a-la-direccion-de-discapacidad","status":"publish","type":"post","link":"https:\/\/www.mendoza.gov.ar\/prensa\/ciurca-entrego-un-vehiculo-utilitario-a-la-direccion-de-discapacidad\/","title":{"rendered":"Ciurca entreg\u00f3 un veh\u00edculo utilitario a la Direcci\u00f3n de Discapacidad"},"content":{"rendered":"<!DOCTYPE html PUBLIC \"-\/\/W3C\/\/DTD HTML 4.0 Transitional\/\/EN\" \"http:\/\/www.w3.org\/TR\/REC-html40\/loose.dtd\">\n<html><body><p>El Vicegobernador, Carlos Ciurca particip&oacute; de la &uacute;ltima jornada del operativo &ldquo;Certificar para Incluir&rdquo;, que se realiz&oacute; durante 5 d&iacute;as en el Centro Integrador Comunitario  del Plumerillo, Las Heras. En el mismo acto entreg&oacute; un veh&iacute;culo utilitario a la Direcci&oacute;n de Discapacidad del Ministerio de Desarrollo Social y Derechos Humanos.<\/p>\n<p>Se trata de una  Combi Mercedes Benz, que a fines del a&ntilde;o 2008 gestion&oacute; la Provincia por intermedio de un proyecto  presentado  en la Comisi&oacute;n Nacional Asesora para las Personas con Discapacidad &ndash;CONADIS-.  El  automotor ser&aacute; utilizado para trasladar a personas con discapacidad, hacer visitas domiciliarias, visitas y seguimientos a Instituciones que trabajan con esta tem&aacute;tica.<\/p>\n<p>Los fondos transferidos de Naci&oacute;n alcanzaron $260.000 y se realizaron a mediados de 2011, para la compra de dos movilidades, aportando $130.000 para cada unidad. A fines del a&ntilde;o 2011 se concret&oacute; la compra de una de ellas con este fondo, sumado al aporte de la provincia que solvent&oacute; el resto.<\/p>\n<p><strong>Certificado n&uacute;mero 500<\/strong><\/p>\n<p>A su vez el Vicegobernador Ciurca entreg&oacute; el Certificado &Uacute;nico de Discapacidad (CDU)  n&uacute;mero  500 a  Julieta Jim&eacute;nez, una beb&eacute; de menos de un a&ntilde;o,  tramitado en los operativos intensivos que realizan en conjunto la Direcci&oacute;n de Atenci&oacute;n Integral para personas con Discapacidad y los municipios.<\/p>\n<p>La mam&aacute; de Julieta Gimenez recibi&oacute; de manos del Vicegorbernador  el documento que le permitir&aacute; a su hija acceder a  la asignaci&oacute;n universal por hijo con discapacidad o contar  con  cobertura integral de salud,  entre otros derechos que, seg&uacute;n establece la Ley,  tienen las personas con discapacidad.<\/p>\n<p>&ldquo;Se trata de garantizar la inclusi&oacute;n. Es la forma leg&iacute;tima de asegurar la igualdad  a trav&eacute;s de la ampliaci&oacute;n de los derechos&rdquo; destac&oacute;  Ciurca refiri&eacute;ndose al CDU y a la campa&ntilde;a que facilita su tramitaci&oacute;n.<\/p>\n<p>Junto a esta ni&ntilde;a, y emocionado, tambi&eacute;n recibi&oacute; su certificaci&oacute;n Antonio Barrera, un vecino de la zona, discapacitado motor que se acerc&oacute; durante la ma&ntilde;ana a realizar el tr&aacute;mite. El certificado 505 fue entregado por el ministro Guillermo Elizalde.<\/p>\n<p>Acompa&ntilde;aron a Ciurca el ministro de Desarrollo Social y Derechos Humanos, Guillermo Elizalde; la subsecretaria de Familia Dolores Alfonso, la directora del &aacute;rea de Discapacidad, Mar&iacute;a de Cabutti y el presidente del Consejo de discapacidad, Germ&aacute;n Ejarque.<\/p>\n<\/body><\/html>\n","protected":false},"excerpt":{"rendered":"El Vicegobernador, Carlos Ciurca particip&oacute; de la &uacute;ltima jornada del operativo &ldquo;Certificar para Incluir&rdquo;, que se realiz&oacute; durante 5 d&iacute;as en el Centro Integrador Comunitario del Plumerillo, Las Heras. En el mismo acto entreg&oacute; un veh&iacute;culo utilitario a la Direcci&oacute;n de Discapacidad del Ministerio de Desarrollo Social y Derechos Humanos. Se trata de una Combi&#8230; <a class=\"view-article\" href=\"https:\/\/www.mendoza.gov.ar\/prensa\/ciurca-entrego-un-vehiculo-utilitario-a-la-direccion-de-discapacidad\/\"><\/a>","protected":false},"author":3,"featured_media":0,"comment_status":"closed","ping_status":"open","sticky":false,"template":"","format":"standard","meta":[],"categories":[11],"tags":[],"_links":{"self":[{"href":"https:\/\/www.mendoza.gov.ar\/prensa\/wp-json\/wp\/v2\/posts\/10831"}],"collection":[{"href":"https:\/\/www.mendoza.gov.ar\/prensa\/wp-json\/wp\/v2\/posts"}],"about":[{"href":"https:\/\/www.mendoza.gov.ar\/prensa\/wp-json\/wp\/v2\/types\/post"}],"author":[{"embeddable":true,"href":"https:\/\/www.mendoza.gov.ar\/prensa\/wp-json\/wp\/v2\/users\/3"}],"replies":[{"embeddable":true,"href":"https:\/\/www.mendoza.gov.ar\/prensa\/wp-json\/wp\/v2\/comments?post=10831"}],"version-history":[{"count":0,"href":"https:\/\/www.mendoza.gov.ar\/prensa\/wp-json\/wp\/v2\/posts\/10831\/revisions"}],"wp:attachment":[{"href":"https:\/\/www.mendoza.gov.ar\/prensa\/wp-json\/wp\/v2\/media?parent=10831"}],"wp:term":[{"taxonomy":"category","embeddable":true,"href":"https:\/\/www.mendoza.gov.ar\/prensa\/wp-json\/wp\/v2\/categories?post=10831"},{"taxonomy":"post_tag","embeddable":true,"href":"https:\/\/www.mendoza.gov.ar\/prensa\/wp-json\/wp\/v2\/tags?post=10831"}],"curies":[{"name":"wp","href":"https:\/\/api.w.org\/{rel}","templated":true}]}}