{"id":10851,"date":"2012-05-02T00:00:00","date_gmt":"2012-05-02T00:00:00","guid":{"rendered":"http:\/\/prensa.wp2.mendoza.gov.ar\/?p=10851"},"modified":"2012-05-02T00:00:00","modified_gmt":"2012-05-02T00:00:00","slug":"realizaran-el-operativo-de-certificacion-de-discapacidad-en-lujan","status":"publish","type":"post","link":"https:\/\/www.mendoza.gov.ar\/prensa\/realizaran-el-operativo-de-certificacion-de-discapacidad-en-lujan\/","title":{"rendered":"Realizar\u00e1n el operativo de certificaci\u00f3n de discapacidad en Luj\u00e1n"},"content":{"rendered":"<!DOCTYPE html PUBLIC \"-\/\/W3C\/\/DTD HTML 4.0 Transitional\/\/EN\" \"http:\/\/www.w3.org\/TR\/REC-html40\/loose.dtd\">\n<html><body><p>El lunes, la Comisi&oacute;n Evaluadora de Discapacidad compuesta por tres juntas examinar&aacute; desde las 9 a las personas que quieran obtener su certificado. El lugar elegido es la Biblioteca Popular &ldquo;H&eacute;roes de Malvinas&rdquo;, ubicada en la casa 44 del barrio Uni&oacute;n Oeste.<\/p>\n<p>La campa&ntilde;a &ldquo;Certificar para incluir&rdquo;, que realiza la Direcci&oacute;n de Discapacidad, de la subsecretar&iacute;a de Familia tiene por objetivo facilitarle el CUD a las personas en situaci&oacute;n de discapacidad, para efectivizar el acceso pleno a sus derechos. La organizaci&oacute;n y coordinaci&oacute;n se realizar&aacute; en forma conjunta con el &aacute;rea de Discapacidad de Luj&aacute;n e incluir&aacute; una junta evaluadora departamental.<\/p>\n<p>El CUD otorga beneficios como la asignaci&oacute;n universal por hijo con discapacidad; cobertura integral de salud en el sector p&uacute;blico o privado; transporte terrestre gratuito de corta, media y larga distancia nacional; oblea de estacionamiento libre; prioridad en vivienda social; exenci&oacute;n de algunos impuestos; beneficios para empleadores que contraten a personas con discapacidad y beneficio en la compra de veh&iacute;culos (discapacidad motriz, ceguera total, mental profunda y cardiopat&iacute;a grave).<\/p>\n<p>La Comisi&oacute;n asistir&aacute; la segunda semana de cada mes a un municipio con un equipo interdisciplinario, que evaluar&aacute; a quienes se acerquen para otorgar el tr&aacute;mite de certificaci&oacute;n. &Eacute;ste ser&aacute; impreso y entregado en el momento, y se podr&aacute; comenzar a utilizar inmediatamente. Asimismo, hay que destacar que se emite con validez nacional y tiene medidas de seguridad que evita su adulteraci&oacute;n.<\/p>\n<p>Para acceder a este certificado, los interesados deber&aacute;n presentar fotocopia de la primera y segunda hoja del DNI, certificado m&eacute;dico actualizado con diagn&oacute;stico y constancia de CUIL. Si no puede asistir por razones de enfermedad, puede enviar la documentaci&oacute;n con otra persona para obtener su turno.<\/p>\n<p>En la semana del 7 al 10 y el lunes 14 de mayo de 2012 se llevar&aacute; a cabo en diferentes puntos del departamento de Luj&aacute;n. Luego, los siguientes operativos se concretar&aacute;n en el Este, Valle de Uco y el Sur de la Provincia.<\/p>\n<p><\/p>\n<p><strong>Cronograma de atenci&oacute;n de Comisiones Evaluadoras de Discapacidad en distritos de Luj&aacute;n<\/strong><\/p>\n<p>Lunes 07\/05: Distrito: Ugarteche<\/p>\n<p>Lugar: Biblioteca Popular &ldquo;H&eacute;roes de Malvinas&rdquo;<\/p>\n<p>Dom: B&deg; Uni&oacute;n Oeste Casa 44.<\/p>\n<p><\/p>\n<p>Martes 08\/05: Distrito: Perdriel<\/p>\n<p>Lugar: Agrupaci&oacute;n Perdriel<\/p>\n<p>Dom: Calle 20 de Junio 4136.<\/p>\n<p><\/p>\n<p>Mi&eacute;rcoles  09\/05 Distrito: Las Compuertas<\/p>\n<p>Lugar: Iglesia Evang&eacute;lica<\/p>\n<p>Dom: Ruta Panamericana Km 21, casi frente a la Delegaci&oacute;n.<\/p>\n<p><\/p>\n<p>Jueves 10\/05: Distrito: Agrelo<\/p>\n<p>Lugar: CIC<\/p>\n<p>Dom: Ruta Provincial15, Km 18.<\/p>\n<p><\/p>\n<p>Lunes 14\/05: Distrito: Carrodilla<\/p>\n<p>Lugar: Polideportivo Carrodilla<\/p>\n<p>Dom: Sebastian Gaboto y Tierra del Fuego B&deg; Los Ventisqueros.<\/p>\n<\/body><\/html>\n","protected":false},"excerpt":{"rendered":"El lunes, la Comisi&oacute;n Evaluadora de Discapacidad compuesta por tres juntas examinar&aacute; desde las 9 a las personas que quieran obtener su certificado. El lugar elegido es la Biblioteca Popular &ldquo;H&eacute;roes de Malvinas&rdquo;, ubicada en la casa 44 del barrio Uni&oacute;n Oeste. La campa&ntilde;a &ldquo;Certificar para incluir&rdquo;, que realiza la Direcci&oacute;n de Discapacidad, de la&#8230; <a class=\"view-article\" href=\"https:\/\/www.mendoza.gov.ar\/prensa\/realizaran-el-operativo-de-certificacion-de-discapacidad-en-lujan\/\"><\/a>","protected":false},"author":3,"featured_media":0,"comment_status":"closed","ping_status":"open","sticky":false,"template":"","format":"standard","meta":[],"categories":[11],"tags":[],"_links":{"self":[{"href":"https:\/\/www.mendoza.gov.ar\/prensa\/wp-json\/wp\/v2\/posts\/10851"}],"collection":[{"href":"https:\/\/www.mendoza.gov.ar\/prensa\/wp-json\/wp\/v2\/posts"}],"about":[{"href":"https:\/\/www.mendoza.gov.ar\/prensa\/wp-json\/wp\/v2\/types\/post"}],"author":[{"embeddable":true,"href":"https:\/\/www.mendoza.gov.ar\/prensa\/wp-json\/wp\/v2\/users\/3"}],"replies":[{"embeddable":true,"href":"https:\/\/www.mendoza.gov.ar\/prensa\/wp-json\/wp\/v2\/comments?post=10851"}],"version-history":[{"count":0,"href":"https:\/\/www.mendoza.gov.ar\/prensa\/wp-json\/wp\/v2\/posts\/10851\/revisions"}],"wp:attachment":[{"href":"https:\/\/www.mendoza.gov.ar\/prensa\/wp-json\/wp\/v2\/media?parent=10851"}],"wp:term":[{"taxonomy":"category","embeddable":true,"href":"https:\/\/www.mendoza.gov.ar\/prensa\/wp-json\/wp\/v2\/categories?post=10851"},{"taxonomy":"post_tag","embeddable":true,"href":"https:\/\/www.mendoza.gov.ar\/prensa\/wp-json\/wp\/v2\/tags?post=10851"}],"curies":[{"name":"wp","href":"https:\/\/api.w.org\/{rel}","templated":true}]}}