{"id":10859,"date":"2012-05-07T00:00:00","date_gmt":"2012-05-07T00:00:00","guid":{"rendered":"http:\/\/prensa.wp2.mendoza.gov.ar\/?p=10859"},"modified":"2012-05-07T00:00:00","modified_gmt":"2012-05-07T00:00:00","slug":"francisco-perez-abrira-el-ciclo-2012-de-los-programas-de-inclusion-para-jovenes","status":"publish","type":"post","link":"https:\/\/www.mendoza.gov.ar\/prensa\/francisco-perez-abrira-el-ciclo-2012-de-los-programas-de-inclusion-para-jovenes\/","title":{"rendered":"Francisco P\u00e9rez abrir\u00e1 el Ciclo 2012 de los Programas de Inclusi\u00f3n para j\u00f3venes"},"content":{"rendered":"<!DOCTYPE html PUBLIC \"-\/\/W3C\/\/DTD HTML 4.0 Transitional\/\/EN\" \"http:\/\/www.w3.org\/TR\/REC-html40\/loose.dtd\">\n<html><body><p>El mi&eacute;rcoles pr&oacute;ximo el gobernador Francisco P&eacute;rez abrir&aacute; el ciclo 2012 de los Programas De la Esquina a la Escuela y De la Esquina a la Universidad. Estos planes de inclusi&oacute;n  apuntan a promover el desarrollo integral de los j&oacute;venes, entre 12 y 26 a&ntilde;os, en situaci&oacute;n de riesgo social a trav&eacute;s de espacios de participaci&oacute;n y acompa&ntilde;amiento pedag&oacute;gico. El acto tendr&aacute; lugar en el Sal&oacute;n Patricias, Cuarto Piso, Casa de Gobierno<\/p>\n<p>El ministro de Desarrollo Social y Derechos Humanos, Guillermo Elizalde, y la directora General de Escuelas, Mar&iacute;a In&eacute;s Vollmer, acompa&ntilde;ar&aacute;n al gobernador en el lanzamiento de un nuevo ciclo del Plan de Inclusi&oacute;n para j&oacute;venes que desde el 2008 ejecuta la Provincia.<\/p>\n<p>En el acto estar&aacute;n presentes el Rector de la Universidad Nacional de Cuyo, Arturo Somoza, y el decano de la Universidad Tecnol&oacute;gica Nacional Regional Mendoza, Eduardo Balasch; representantes de los  municipios y de las organizaciones sociales que trabajan junto a los j&oacute;venes en su reinserci&oacute;n educativa.<\/p>\n<p>Participar&aacute;n tambi&eacute;n chicos y chicas que a partir de su paso por los  programa  De la esquina a la Escuela y de la Esquina a la Universidad  disponen hoy de importantes herramientas para encarar su propio proyecto de vida.<\/p>\n<p>El proceso apunta a la reinserci&oacute;n exitosa, permanencia y el egreso efectivo del sistema educativo formal, facilitar  el acceso a  la educaci&oacute;n superior a aquellos que quieran continuar sus estudios  y favorecer el desarrollo de proyectos productivos o de servicios que generen integraci&oacute;n social y autoempleo.<\/p>\n<p>Los programas De la esquina a la escuela y de la Esquina a la Universidad que contempla este Plan,  se ejecutan en articulaci&oacute;n con &aacute;reas municipales y Organizaciones Sociales territoriales, encargadas de postular a los promotores educativos de la comunidad regional. Los promotores tienen re&uacute;nen a los  j&oacute;venes y ejecutan con ellos  actividades de integraci&oacute;n y contenci&oacute;n social.<\/p>\n<p>As&iacute; cada miembro de este eslab&oacute;n trabaja en un proceso de acompa&ntilde;amiento que se facilita a trav&eacute;s de los 101 N&uacute;cleos de Fortalecimiento Socio-Educativo, distribuidos en toda la provincia. De este modo se generan  instancias de formaci&oacute;n continua y participativa para lograr la inserci&oacute;n de los j&oacute;venes tanto en el sistema educativo formal como en el &aacute;mbito laboral.<\/p>\n<p><strong>Los Programas<\/strong><\/p>\n<p>&ldquo;De la esquina a la escuela&rdquo; destinado a j&oacute;venes de 12 a 18 a&ntilde;os en situaci&oacute;n de vulnerabilidad social o econ&oacute;mica que hayan hecho abandono escolar y\/o que presenten condiciones y caracter&iacute;sticas de riesgo de deserci&oacute;n escolar; el objetivo es promover su  reinserci&oacute;n exitosa, permanencia y el egreso efectivo del sistema educativo formal, a trav&eacute;s de espacios de participaci&oacute;n, integraci&oacute;n social y acompa&ntilde;amiento pedag&oacute;gico. Se ha previsto llegar a 6060 chicos, de los cuales alrededor de 1212 recibir&iacute;an una ayuda econ&oacute;mica de $ 150 por mes, durante 8 meses.<\/p>\n<p>&ldquo;De la esquina a la Universidad&rdquo; destinado a j&oacute;venes de entre 17 y 26 a&ntilde;os, que hayan finalizado el nivel medio educativo o que est&eacute;n en el ultimo a&ntilde;o y que desean continuar con sus estudios en educaci&oacute;n superior; el objetivo es la promoci&oacute;n, la inserci&oacute;n y el acompa&ntilde;amiento en el &aacute;mbito de la educaci&oacute;n superior. Se ha previsto llegar a 810 j&oacute;venes que deseen continuar sus estudios superiores, tanto en carreras de la Universidad Nacional Cuyo, de la Universidad Tecnol&oacute;gica Nacional- Regional Mendoza -, como de instituciones de Ense&ntilde;anza Superior dependientes de la Direcci&oacute;n General de Escuelas, quienes recibir&iacute;an una ayuda econ&oacute;mica de $ 200 por mes, durante 10 meses.<\/p>\n<\/body><\/html>\n","protected":false},"excerpt":{"rendered":"El mi&eacute;rcoles pr&oacute;ximo el gobernador Francisco P&eacute;rez abrir&aacute; el ciclo 2012 de los Programas De la Esquina a la Escuela y De la Esquina a la Universidad. Estos planes de inclusi&oacute;n apuntan a promover el desarrollo integral de los j&oacute;venes, entre 12 y 26 a&ntilde;os, en situaci&oacute;n de riesgo social a trav&eacute;s de espacios de&#8230; <a class=\"view-article\" href=\"https:\/\/www.mendoza.gov.ar\/prensa\/francisco-perez-abrira-el-ciclo-2012-de-los-programas-de-inclusion-para-jovenes\/\"><\/a>","protected":false},"author":3,"featured_media":0,"comment_status":"closed","ping_status":"open","sticky":false,"template":"","format":"standard","meta":[],"categories":[11],"tags":[],"_links":{"self":[{"href":"https:\/\/www.mendoza.gov.ar\/prensa\/wp-json\/wp\/v2\/posts\/10859"}],"collection":[{"href":"https:\/\/www.mendoza.gov.ar\/prensa\/wp-json\/wp\/v2\/posts"}],"about":[{"href":"https:\/\/www.mendoza.gov.ar\/prensa\/wp-json\/wp\/v2\/types\/post"}],"author":[{"embeddable":true,"href":"https:\/\/www.mendoza.gov.ar\/prensa\/wp-json\/wp\/v2\/users\/3"}],"replies":[{"embeddable":true,"href":"https:\/\/www.mendoza.gov.ar\/prensa\/wp-json\/wp\/v2\/comments?post=10859"}],"version-history":[{"count":0,"href":"https:\/\/www.mendoza.gov.ar\/prensa\/wp-json\/wp\/v2\/posts\/10859\/revisions"}],"wp:attachment":[{"href":"https:\/\/www.mendoza.gov.ar\/prensa\/wp-json\/wp\/v2\/media?parent=10859"}],"wp:term":[{"taxonomy":"category","embeddable":true,"href":"https:\/\/www.mendoza.gov.ar\/prensa\/wp-json\/wp\/v2\/categories?post=10859"},{"taxonomy":"post_tag","embeddable":true,"href":"https:\/\/www.mendoza.gov.ar\/prensa\/wp-json\/wp\/v2\/tags?post=10859"}],"curies":[{"name":"wp","href":"https:\/\/api.w.org\/{rel}","templated":true}]}}