{"id":10860,"date":"2012-05-08T00:00:00","date_gmt":"2012-05-08T00:00:00","guid":{"rendered":"http:\/\/prensa.wp2.mendoza.gov.ar\/?p=10860"},"modified":"2012-05-08T00:00:00","modified_gmt":"2012-05-08T00:00:00","slug":"elizalde-visito-el-operativo-de-certificacion-de-discapacidad-en-lujan","status":"publish","type":"post","link":"https:\/\/www.mendoza.gov.ar\/prensa\/elizalde-visito-el-operativo-de-certificacion-de-discapacidad-en-lujan\/","title":{"rendered":"Elizalde visit\u00f3 el operativo de certificaci\u00f3n de discapacidad en Luj\u00e1n"},"content":{"rendered":"<!DOCTYPE html PUBLIC \"-\/\/W3C\/\/DTD HTML 4.0 Transitional\/\/EN\" \"http:\/\/www.w3.org\/TR\/REC-html40\/loose.dtd\">\n<html><body><p>En el marco del operativo &ldquo;Certificar para incluir&rdquo; en el departamento de Luj&aacute;n, el intendente departamental Carlos L&oacute;pez Puelles visit&oacute; junto al ministro Guillermo Elizalde el operativo de certificaci&oacute;n de discapacidad que se realiza en Luj&aacute;n.&nbsp;All&iacute;, las juntas compuestas por profesionales de la salud atendieron alrededor de 50 personas que se acercaron a tramitar certificados para personas con discapacidad en el transcurso de la ma&ntilde;ana.<\/p>\n<p>Consultado al respecto, Carlos L&oacute;pez Puelles indic&oacute;: &ldquo;Lo v&aacute;lido de esto es que la persona con discapacidad va a poder hacer una serie de tr&aacute;mites, y le va a dar la tranquilidad de realizar en un solo lugar todos los pasos. Agradecemos al gobierno de la provincia que nos permite llegar hasta aqu&iacute; con la campa&ntilde;a&rdquo;.<\/p>\n<p>&ldquo;Hemos empezado ayer, y obviamente seguiremos visitando otros distritos. Tenemos la suerte que hace poco nos han certificado la segunda profesional para tener dos juntas y ya tenemos cerca de 670 personas con su certificado en el municipio&rdquo;, agreg&oacute; el intendente.<\/p>\n<p>Por su parte, el ministro Elizalde, se&ntilde;al&oacute;: &ldquo;Estamos muy entusiasmados porque vemos muchas personas que se est&aacute;n llevando el certificado con todo lo que eso significa, garantizando  un poco lo que dijo el gobernador, que las pol&iacute;ticas sociales lleguen a cada rinc&oacute;n de Mendoza&rdquo;.<\/p>\n<p>&ldquo;De alguna manera, -agreg&oacute; el ministro- queremos garantizar los derechos para que cada mendocino tenga las mismas posibilidades. Esto no es f&aacute;cil hacerlo si no se trabaja en conjunto entre naci&oacute;n, provincia y municipio&rdquo;.<\/p>\n<p>Asimismo, M&oacute;nica Gonz&aacute;lez, vecina del lugar, a&ntilde;adi&oacute;: &ldquo;Vivo en esta zona, vine temprano a tramitar el certificado de mis padres y gracias a Dios ya hice los tr&aacute;mites y estoy esperando que me los entreguen. Esto me parece muy bueno porque tenemos cada una hora un micro hasta la junta departamental, entonces, al acercarse a las zonas alejadas, nos facilitan bastante los tr&aacute;mites&rdquo;.<\/p>\n<p>tambi&eacute;n participaron de la jornada la subsecretaria de Familia, Dolores Alfonso, la directora de Discapacidad, Mary Cabutti y la directora de Desarrollo Social del municipio, Elizabeth Barroso.<\/p>\n<\/body><\/html>\n","protected":false},"excerpt":{"rendered":"En el marco del operativo &ldquo;Certificar para incluir&rdquo; en el departamento de Luj&aacute;n, el intendente departamental Carlos L&oacute;pez Puelles visit&oacute; junto al ministro Guillermo Elizalde el operativo de certificaci&oacute;n de discapacidad que se realiza en Luj&aacute;n.&nbsp;All&iacute;, las juntas compuestas por profesionales de la salud atendieron alrededor de 50 personas que se acercaron a tramitar certificados&#8230; <a class=\"view-article\" href=\"https:\/\/www.mendoza.gov.ar\/prensa\/elizalde-visito-el-operativo-de-certificacion-de-discapacidad-en-lujan\/\"><\/a>","protected":false},"author":3,"featured_media":0,"comment_status":"closed","ping_status":"open","sticky":false,"template":"","format":"standard","meta":[],"categories":[11],"tags":[],"_links":{"self":[{"href":"https:\/\/www.mendoza.gov.ar\/prensa\/wp-json\/wp\/v2\/posts\/10860"}],"collection":[{"href":"https:\/\/www.mendoza.gov.ar\/prensa\/wp-json\/wp\/v2\/posts"}],"about":[{"href":"https:\/\/www.mendoza.gov.ar\/prensa\/wp-json\/wp\/v2\/types\/post"}],"author":[{"embeddable":true,"href":"https:\/\/www.mendoza.gov.ar\/prensa\/wp-json\/wp\/v2\/users\/3"}],"replies":[{"embeddable":true,"href":"https:\/\/www.mendoza.gov.ar\/prensa\/wp-json\/wp\/v2\/comments?post=10860"}],"version-history":[{"count":0,"href":"https:\/\/www.mendoza.gov.ar\/prensa\/wp-json\/wp\/v2\/posts\/10860\/revisions"}],"wp:attachment":[{"href":"https:\/\/www.mendoza.gov.ar\/prensa\/wp-json\/wp\/v2\/media?parent=10860"}],"wp:term":[{"taxonomy":"category","embeddable":true,"href":"https:\/\/www.mendoza.gov.ar\/prensa\/wp-json\/wp\/v2\/categories?post=10860"},{"taxonomy":"post_tag","embeddable":true,"href":"https:\/\/www.mendoza.gov.ar\/prensa\/wp-json\/wp\/v2\/tags?post=10860"}],"curies":[{"name":"wp","href":"https:\/\/api.w.org\/{rel}","templated":true}]}}