{"id":10865,"date":"2012-05-11T00:00:00","date_gmt":"2012-05-11T00:00:00","guid":{"rendered":"http:\/\/prensa.wp2.mendoza.gov.ar\/?p=10865"},"modified":"2012-05-11T00:00:00","modified_gmt":"2012-05-11T00:00:00","slug":"politicas-publicas-de-la-economia-social-fue-el-tema-de-hoy-del-foro","status":"publish","type":"post","link":"https:\/\/www.mendoza.gov.ar\/prensa\/politicas-publicas-de-la-economia-social-fue-el-tema-de-hoy-del-foro\/","title":{"rendered":"Pol\u00edticas P\u00fablicas de la Econom\u00eda Social fue el tema de hoy del Foro"},"content":{"rendered":"<!DOCTYPE html PUBLIC \"-\/\/W3C\/\/DTD HTML 4.0 Transitional\/\/EN\" \"http:\/\/www.w3.org\/TR\/REC-html40\/loose.dtd\">\n<html><body><p>Funcionarios e investigadores coincidieron que el contexto pol&iacute;tico regional es una oportunidad hist&oacute;rica para el desarrollo de una econom&iacute;a inclusiva y solidaria y analizaron cu&aacute;l debe ser el papel del Estado en el fortalecimiento de la Econom&iacute;a Social.<\/p>\n<p>El panel que abri&oacute; la segunda jornada del Foro Nacional hacia otra Econom&iacute;a estuvo conformado por la Directora General de Escuelas, Mar&iacute;a Ines Abrile de Vollmer; el titular de la Comisi&oacute;n Nacional de Microcr&eacute;dito del Ministerio de Desarrollo Social de la Naci&oacute;n, Alberto Gandulfo, la especialista Susana Hintze de la Universidad Nacional General Sarmiento el subsecretario de Agricultura, Ganader&iacute;a y Alimentos de la Provincia, Cristian Correa; &nbsp;Tomas Raffo del Instituto de Estudios y Formaci&oacute;n de la CTA.<\/p>\n<p>Desde distintas perspectivas, los expositores &nbsp;describieron pol&iacute;ticas y programas implementados desde el Estado Nacional &nbsp;a fin de fortalecer este espacio de producci&oacute;n y trabajo, que contiene hoy a miles de familias.<\/p>\n<p>&ldquo;No hay otra econom&iacute;a sin otro Estado, sin otra sociedad&rdquo;, afirm&oacute; Susana Heintze de la Universidad General Sarmiento y explic&oacute; que la econom&iacute;a social es&nbsp; una construcci&oacute;n pol&iacute;tica, econ&oacute;mica y social que implica la transformaci&oacute;n del Estado, de las organizaciones de la sociedad y de la relaci&oacute;n que hoy persiste entre lo p&uacute;blico y lo privado. En este sentido, la especialista plante&oacute; la necesidad de generar un Sistema p&uacute;blico de promoci&oacute;n del trabajo asociativo autogestionado, que contemple mecanismos para la sostenibilidad amplia y sist&eacute;micas de las organizaciones.<\/p>\n<p>Por su parte, la directora General de Escuelas de Mendoza, Mar&iacute;a In&eacute;s Vollmer reafirm&oacute; que los procesos de organizaci&oacute;n y asociatividad de la Econom&iacute;a Social implican &ldquo;una construcci&oacute;n gradual, colectiva, que se sostiene s&oacute;lo con un &nbsp;Estados que tenga sensibilidad social para escuchar las demandas &nbsp;y creatividad e innovaci&oacute;n para el dise&ntilde;o de pol&iacute;ticas y &nbsp;programas que se pongan en marcha&rdquo;.<\/p>\n<p>La directora General de Escuelas de la Provincia y ex funcionaria del Gobierno Nacional explic&oacute; que desde el &aacute;rea educativa contribuye con el sector, mediante la implementaci&oacute;n de programas de capacitaci&oacute;n para la formaci&oacute;n de los actores de la Econom&iacute;a social.<\/p>\n<\/body><\/html>\n","protected":false},"excerpt":{"rendered":"Funcionarios e investigadores coincidieron que el contexto pol&iacute;tico regional es una oportunidad hist&oacute;rica para el desarrollo de una econom&iacute;a inclusiva y solidaria y analizaron cu&aacute;l debe ser el papel del Estado en el fortalecimiento de la Econom&iacute;a Social. El panel que abri&oacute; la segunda jornada del Foro Nacional hacia otra Econom&iacute;a estuvo conformado por la&#8230; <a class=\"view-article\" href=\"https:\/\/www.mendoza.gov.ar\/prensa\/politicas-publicas-de-la-economia-social-fue-el-tema-de-hoy-del-foro\/\"><\/a>","protected":false},"author":3,"featured_media":0,"comment_status":"closed","ping_status":"open","sticky":false,"template":"","format":"standard","meta":[],"categories":[11],"tags":[],"_links":{"self":[{"href":"https:\/\/www.mendoza.gov.ar\/prensa\/wp-json\/wp\/v2\/posts\/10865"}],"collection":[{"href":"https:\/\/www.mendoza.gov.ar\/prensa\/wp-json\/wp\/v2\/posts"}],"about":[{"href":"https:\/\/www.mendoza.gov.ar\/prensa\/wp-json\/wp\/v2\/types\/post"}],"author":[{"embeddable":true,"href":"https:\/\/www.mendoza.gov.ar\/prensa\/wp-json\/wp\/v2\/users\/3"}],"replies":[{"embeddable":true,"href":"https:\/\/www.mendoza.gov.ar\/prensa\/wp-json\/wp\/v2\/comments?post=10865"}],"version-history":[{"count":0,"href":"https:\/\/www.mendoza.gov.ar\/prensa\/wp-json\/wp\/v2\/posts\/10865\/revisions"}],"wp:attachment":[{"href":"https:\/\/www.mendoza.gov.ar\/prensa\/wp-json\/wp\/v2\/media?parent=10865"}],"wp:term":[{"taxonomy":"category","embeddable":true,"href":"https:\/\/www.mendoza.gov.ar\/prensa\/wp-json\/wp\/v2\/categories?post=10865"},{"taxonomy":"post_tag","embeddable":true,"href":"https:\/\/www.mendoza.gov.ar\/prensa\/wp-json\/wp\/v2\/tags?post=10865"}],"curies":[{"name":"wp","href":"https:\/\/api.w.org\/{rel}","templated":true}]}}