{"id":10868,"date":"2012-05-14T00:00:00","date_gmt":"2012-05-14T00:00:00","guid":{"rendered":"http:\/\/prensa.wp2.mendoza.gov.ar\/?p=10868"},"modified":"2012-05-14T00:00:00","modified_gmt":"2012-05-14T00:00:00","slug":"el-operativo-de-certificacion-de-discapacidad-se-trasladara-manana-a-potrerillos","status":"publish","type":"post","link":"https:\/\/www.mendoza.gov.ar\/prensa\/el-operativo-de-certificacion-de-discapacidad-se-trasladara-manana-a-potrerillos\/","title":{"rendered":"El operativo de certificaci\u00f3n de discapacidad se trasladar\u00e1 ma\u00f1ana a Potrerillos"},"content":{"rendered":"<!DOCTYPE html PUBLIC \"-\/\/W3C\/\/DTD HTML 4.0 Transitional\/\/EN\" \"http:\/\/www.w3.org\/TR\/REC-html40\/loose.dtd\">\n<html><body><p>La Comisi&oacute;n Evaluadora de Discapacidad compuesta por tres juntas examinar&aacute; desde las 9 a las personas que quieran obtener su certificado. El lugar elegido es la delegaci&oacute;n municipal, ubicada frente a la rotonda de la Villa de Potrerillos. Este ser&aacute; el &uacute;ltimo d&iacute;a de la campa&ntilde;a en ese departamento.<\/p>\n<p>De esta manera, culminar&aacute; el operativo en el departamento de Luj&aacute;n, que comenz&oacute; el pasado lunes. Hasta el momento se entregaron unos 220 certificados entre lunes y mi&eacute;rcoles de la semana pasada y el d&iacute;a de hoy.<\/p>\n<p>La campa&ntilde;a &ldquo;Certificar para incluir&rdquo;, que realiza la Direcci&oacute;n de Discapacidad, de la subsecretar&iacute;a de Familia tiene por objetivo facilitarle el CUD a las personas en situaci&oacute;n de discapacidad, para efectivizar el acceso pleno a sus derechos. La organizaci&oacute;n y coordinaci&oacute;n se realizar&aacute; en forma conjunta con el &aacute;rea de Discapacidad de Luj&aacute;n e incluir&aacute; una junta evaluadora departamental.<\/p>\n<p>El CUD otorga beneficios como la asignaci&oacute;n universal por hijo con discapacidad; cobertura integral de salud en el sector p&uacute;blico o privado; transporte terrestre gratuito de corta, media y larga distancia nacional; oblea de estacionamiento libre; prioridad en vivienda social; exenci&oacute;n de algunos impuestos; beneficios para empleadores que contraten a personas con discapacidad y beneficio en la compra de veh&iacute;culos (discapacidad motriz, ceguera total, mental profunda y cardiopat&iacute;a grave).<\/p>\n<\/body><\/html>\n","protected":false},"excerpt":{"rendered":"La Comisi&oacute;n Evaluadora de Discapacidad compuesta por tres juntas examinar&aacute; desde las 9 a las personas que quieran obtener su certificado. El lugar elegido es la delegaci&oacute;n municipal, ubicada frente a la rotonda de la Villa de Potrerillos. Este ser&aacute; el &uacute;ltimo d&iacute;a de la campa&ntilde;a en ese departamento. De esta manera, culminar&aacute; el operativo&#8230; <a class=\"view-article\" href=\"https:\/\/www.mendoza.gov.ar\/prensa\/el-operativo-de-certificacion-de-discapacidad-se-trasladara-manana-a-potrerillos\/\"><\/a>","protected":false},"author":3,"featured_media":0,"comment_status":"closed","ping_status":"open","sticky":false,"template":"","format":"standard","meta":[],"categories":[11],"tags":[],"_links":{"self":[{"href":"https:\/\/www.mendoza.gov.ar\/prensa\/wp-json\/wp\/v2\/posts\/10868"}],"collection":[{"href":"https:\/\/www.mendoza.gov.ar\/prensa\/wp-json\/wp\/v2\/posts"}],"about":[{"href":"https:\/\/www.mendoza.gov.ar\/prensa\/wp-json\/wp\/v2\/types\/post"}],"author":[{"embeddable":true,"href":"https:\/\/www.mendoza.gov.ar\/prensa\/wp-json\/wp\/v2\/users\/3"}],"replies":[{"embeddable":true,"href":"https:\/\/www.mendoza.gov.ar\/prensa\/wp-json\/wp\/v2\/comments?post=10868"}],"version-history":[{"count":0,"href":"https:\/\/www.mendoza.gov.ar\/prensa\/wp-json\/wp\/v2\/posts\/10868\/revisions"}],"wp:attachment":[{"href":"https:\/\/www.mendoza.gov.ar\/prensa\/wp-json\/wp\/v2\/media?parent=10868"}],"wp:term":[{"taxonomy":"category","embeddable":true,"href":"https:\/\/www.mendoza.gov.ar\/prensa\/wp-json\/wp\/v2\/categories?post=10868"},{"taxonomy":"post_tag","embeddable":true,"href":"https:\/\/www.mendoza.gov.ar\/prensa\/wp-json\/wp\/v2\/tags?post=10868"}],"curies":[{"name":"wp","href":"https:\/\/api.w.org\/{rel}","templated":true}]}}