{"id":10874,"date":"2012-05-16T00:00:00","date_gmt":"2012-05-16T00:00:00","guid":{"rendered":"http:\/\/prensa.wp2.mendoza.gov.ar\/?p=10874"},"modified":"2012-05-16T00:00:00","modified_gmt":"2012-05-16T00:00:00","slug":"diputados-aprobo-la-creacion-del-programa-de-promocion-de-economia-social","status":"publish","type":"post","link":"https:\/\/www.mendoza.gov.ar\/prensa\/diputados-aprobo-la-creacion-del-programa-de-promocion-de-economia-social\/","title":{"rendered":"Diputados aprob\u00f3 la creaci\u00f3n del Programa de Promoci\u00f3n de Econom\u00eda Social"},"content":{"rendered":"<!DOCTYPE html PUBLIC \"-\/\/W3C\/\/DTD HTML 4.0 Transitional\/\/EN\" \"http:\/\/www.w3.org\/TR\/REC-html40\/loose.dtd\">\n<html><body><p>Durante esta ma&ntilde;ana, la C&aacute;mara de Diputados dio media sanci&oacute;n al proyecto de que promueve la creaci&oacute;n del Programa de Promoci&oacute;n de Econom&iacute;a Social y Solidaria para toda la provincia de Mendoza. La iniciativa hab&iacute;a sido desarrollada en los &uacute;ltimos dos a&ntilde;os por los foros de econom&iacute;a social llevados a cabo en toda la provincia.<\/p>\n<p>El proyecto de ley impulsado por los legisladores Fabi&aacute;n Miranda (PJ), Alejandro Viadana (PJ), Jorge Tan&uacute;s (PJ) y Rita Morcos (PJ), tiene como objetivos dise&ntilde;ar una planificaci&oacute;n estrat&eacute;gica participativa a corto, mediano y largo plazo tendiente a la construcci&oacute;n de una pol&iacute;tica p&uacute;blica integrada y articulada de la econom&iacute;a social y solidaria en Mendoza<\/p>\n<p>Para ello, se cre&oacute; el Fondo Especial de Promoci&oacute;n, que se constituir&aacute; por 5 millones de pesos, tanto del presupuesto provincial, como de recursos provenientes de organismos nacionales o internacionales.<\/p>\n<p>Con esta iniciativa se busca implementar planes de capacitaci&oacute;n y asesoramiento para mejorar los procesos de organizaci&oacute;n, producci&oacute;n y comercializaci&oacute;n de los productos que brinda la econom&iacute;a social en Mendoza.<\/p>\n<p>El Consejo Provincial de Econom&iacute;a Social y la Direcci&oacute;n de Econom&iacute;a Social del Ministerio de Desarrollo Social y Derechos Humanos, ser&aacute;n los encargados de implementar el Programa de Promoci&oacute;n tendiente a planificar participativamente la formalizaci&oacute;n y seguridad social de trabajadores, productores, promotores y organizaciones de la econom&iacute;a social, as&iacute; como relevar y sistematizar estad&iacute;sticas e informaci&oacute;n del sector.<\/p>\n<p>Eduardo Ruiz, titular de la Direcci&oacute;n de Econom&iacute;a Social del Ministerio de Desarrollo Social y Derechos Humanos, explic&oacute; que, en este proceso, han participado m&aacute;s de dos mil personas en los colectivos de foros de econom&iacute;a social que se han desarrollado en nuestra provincia<\/p>\n<p>&ldquo;Esta es una muestra del trabajo organizado y productivo, una muestra de lo hecho por los peque&ntilde;os productores y artesanos que pusieron de pie a esta provincia&rdquo; afirm&oacute; Ruiz<\/p>\n<p>Adem&aacute;s, Ruiz asegur&oacute;; &ldquo;En este cambio hacia otra forma de econom&iacute;a se encuentran comprendidas las cooperativas, las empresas recuperadas, las ferias populares y se deja atr&aacute;s una econom&iacute;a basada en la subsistencia para pasar a una econom&iacute;a social de escala&rdquo;<\/p>\n<\/body><\/html>\n","protected":false},"excerpt":{"rendered":"Durante esta ma&ntilde;ana, la C&aacute;mara de Diputados dio media sanci&oacute;n al proyecto de que promueve la creaci&oacute;n del Programa de Promoci&oacute;n de Econom&iacute;a Social y Solidaria para toda la provincia de Mendoza. La iniciativa hab&iacute;a sido desarrollada en los &uacute;ltimos dos a&ntilde;os por los foros de econom&iacute;a social llevados a cabo en toda la provincia&#8230;. <a class=\"view-article\" href=\"https:\/\/www.mendoza.gov.ar\/prensa\/diputados-aprobo-la-creacion-del-programa-de-promocion-de-economia-social\/\"><\/a>","protected":false},"author":3,"featured_media":0,"comment_status":"closed","ping_status":"open","sticky":false,"template":"","format":"standard","meta":[],"categories":[11],"tags":[],"_links":{"self":[{"href":"https:\/\/www.mendoza.gov.ar\/prensa\/wp-json\/wp\/v2\/posts\/10874"}],"collection":[{"href":"https:\/\/www.mendoza.gov.ar\/prensa\/wp-json\/wp\/v2\/posts"}],"about":[{"href":"https:\/\/www.mendoza.gov.ar\/prensa\/wp-json\/wp\/v2\/types\/post"}],"author":[{"embeddable":true,"href":"https:\/\/www.mendoza.gov.ar\/prensa\/wp-json\/wp\/v2\/users\/3"}],"replies":[{"embeddable":true,"href":"https:\/\/www.mendoza.gov.ar\/prensa\/wp-json\/wp\/v2\/comments?post=10874"}],"version-history":[{"count":0,"href":"https:\/\/www.mendoza.gov.ar\/prensa\/wp-json\/wp\/v2\/posts\/10874\/revisions"}],"wp:attachment":[{"href":"https:\/\/www.mendoza.gov.ar\/prensa\/wp-json\/wp\/v2\/media?parent=10874"}],"wp:term":[{"taxonomy":"category","embeddable":true,"href":"https:\/\/www.mendoza.gov.ar\/prensa\/wp-json\/wp\/v2\/categories?post=10874"},{"taxonomy":"post_tag","embeddable":true,"href":"https:\/\/www.mendoza.gov.ar\/prensa\/wp-json\/wp\/v2\/tags?post=10874"}],"curies":[{"name":"wp","href":"https:\/\/api.w.org\/{rel}","templated":true}]}}