{"id":10957,"date":"2012-07-30T00:00:00","date_gmt":"2012-07-30T00:00:00","guid":{"rendered":"http:\/\/prensa.wp2.mendoza.gov.ar\/?p=10957"},"modified":"2012-07-30T00:00:00","modified_gmt":"2012-07-30T00:00:00","slug":"economia-social-artesanos-mendocinos-ofreceran-sus-productos-para-el-dia-del-nino","status":"publish","type":"post","link":"https:\/\/www.mendoza.gov.ar\/prensa\/economia-social-artesanos-mendocinos-ofreceran-sus-productos-para-el-dia-del-nino\/","title":{"rendered":"Econom\u00eda Social: Artesanos mendocinos ofrecer\u00e1n sus productos para el d\u00eda del Ni\u00f1o"},"content":{"rendered":"<!DOCTYPE html PUBLIC \"-\/\/W3C\/\/DTD HTML 4.0 Transitional\/\/EN\" \"http:\/\/www.w3.org\/TR\/REC-html40\/loose.dtd\">\n<html><body><p>Como parte de las acciones de promoci&oacute;n del sector de la econom&iacute;a social, 20 artesanos de Mendoza participar&aacute;n de la Feria del Juguete, desde el 9 al 12 agosto. La actividad est&aacute; organizada por la Asociaci&oacute;n de Artesanos y Feriantes Predio de la Virgen y la Asociaci&oacute;n de Jugueteros, y auspiciada por el Ministerio de Desarrollo Social y Derechos Humanos.<\/p>\n<p>Por primera vez se realizar&aacute; esta actividad de manera segmentada y distribuida, lo que permitir&aacute; incluir a comerciantes y artesanos. La iniciativa se realizar&aacute; en el Predio de la Virgen y reunir&aacute; distintas alternativas para la adquisici&oacute;n de juguetes. Est&aacute; prevista la atenci&oacute;n al p&uacute;blico durante las 24 horas.<\/p>\n<p>Los artesanos se ubicar&aacute;n en los alrededores de las oficinas de informaci&oacute;n, mientras que los vendedores de juguetes industriales, estar&aacute;n en el resto del predio.<\/p>\n<p>La Direcci&oacute;n de Econom&iacute;a Social participar&aacute; con 6 lugares para artesanos jugueteros de la provincia, con productos como accesorios, recorridos, madera, y pinturas.<\/p>\n<p>Quienes participen de la iniciativa deber&aacute;n presentar facturero y abonar una contribuci&oacute;n a la Asociaci&oacute;n de Artesanos y Feriantes Predio de la Virgen, aunque ser&aacute;n eximidos del pago del canon del stand.<\/p>\n<p>En tanto, el resto de los comerciantes deber&aacute;n pagar $800 por puesto de venta a la Asociaci&oacute;n de Jugueteros.<\/p>\n<p><strong>Comercio Justo<\/strong><\/p>\n<p>Los productos de artesanos jugueteros ya pueden encontrarse en el sitio web www.mendoza.gov.ar\/comerciojusto y en avisos publicados en diarios on line y en su edici&oacute;n impresa. Desde hace una semana se oferta una variada gama de productos que van desde dulces, camperas, tejidos hasta  juguetes para ni&ntilde;os.<\/p>\n<p>Para el mes de agosto, previa capacitaci&oacute;n, se incorporar&aacute;n nuevos artesanos y microemprendedores a la propuesta, y as&iacute; sucesivamente con un calendario mensual hasta fin de a&ntilde;o.<\/p>\n<p>Esta forma de comercializaci&oacute;n innovadora y directa elimina los intermediarios, promueve una relaci&oacute;n voluntaria y justa entre productores y consumidores. Asimismo, impulsa los principios de organizaci&oacute;n productiva de gesti&oacute;n democr&aacute;tica y participativa, promoci&oacute;n a la inclusi&oacute;n educativa y rechazo a la explotaci&oacute;n infantil, calidad de procesos y producto final, igualdad entre hombres y mujeres y precios populares y justos para una vida digna.<\/p>\n<p>De esta manera se busca crear una conciencia hacia el consumo de otro tipo de productos relacionado con lo artesanal para promover un comercio justo y responsable.<\/p>\n<\/body><\/html>\n","protected":false},"excerpt":{"rendered":"Como parte de las acciones de promoci&oacute;n del sector de la econom&iacute;a social, 20 artesanos de Mendoza participar&aacute;n de la Feria del Juguete, desde el 9 al 12 agosto. La actividad est&aacute; organizada por la Asociaci&oacute;n de Artesanos y Feriantes Predio de la Virgen y la Asociaci&oacute;n de Jugueteros, y auspiciada por el Ministerio de&#8230; <a class=\"view-article\" href=\"https:\/\/www.mendoza.gov.ar\/prensa\/economia-social-artesanos-mendocinos-ofreceran-sus-productos-para-el-dia-del-nino\/\"><\/a>","protected":false},"author":3,"featured_media":0,"comment_status":"closed","ping_status":"open","sticky":false,"template":"","format":"standard","meta":[],"categories":[11],"tags":[],"_links":{"self":[{"href":"https:\/\/www.mendoza.gov.ar\/prensa\/wp-json\/wp\/v2\/posts\/10957"}],"collection":[{"href":"https:\/\/www.mendoza.gov.ar\/prensa\/wp-json\/wp\/v2\/posts"}],"about":[{"href":"https:\/\/www.mendoza.gov.ar\/prensa\/wp-json\/wp\/v2\/types\/post"}],"author":[{"embeddable":true,"href":"https:\/\/www.mendoza.gov.ar\/prensa\/wp-json\/wp\/v2\/users\/3"}],"replies":[{"embeddable":true,"href":"https:\/\/www.mendoza.gov.ar\/prensa\/wp-json\/wp\/v2\/comments?post=10957"}],"version-history":[{"count":0,"href":"https:\/\/www.mendoza.gov.ar\/prensa\/wp-json\/wp\/v2\/posts\/10957\/revisions"}],"wp:attachment":[{"href":"https:\/\/www.mendoza.gov.ar\/prensa\/wp-json\/wp\/v2\/media?parent=10957"}],"wp:term":[{"taxonomy":"category","embeddable":true,"href":"https:\/\/www.mendoza.gov.ar\/prensa\/wp-json\/wp\/v2\/categories?post=10957"},{"taxonomy":"post_tag","embeddable":true,"href":"https:\/\/www.mendoza.gov.ar\/prensa\/wp-json\/wp\/v2\/tags?post=10957"}],"curies":[{"name":"wp","href":"https:\/\/api.w.org\/{rel}","templated":true}]}}