{"id":10967,"date":"2012-08-08T00:00:00","date_gmt":"2012-08-08T00:00:00","guid":{"rendered":"http:\/\/prensa.wp2.mendoza.gov.ar\/?p=10967"},"modified":"2012-08-08T00:00:00","modified_gmt":"2012-08-08T00:00:00","slug":"continuan-jornadas-de-capacitacion-para-promotores-del-plan-de-inclusion","status":"publish","type":"post","link":"https:\/\/www.mendoza.gov.ar\/prensa\/continuan-jornadas-de-capacitacion-para-promotores-del-plan-de-inclusion\/","title":{"rendered":"Contin\u00faan jornadas de capacitaci\u00f3n para promotores del plan de inclusi\u00f3n"},"content":{"rendered":"<!DOCTYPE html PUBLIC \"-\/\/W3C\/\/DTD HTML 4.0 Transitional\/\/EN\" \"http:\/\/www.w3.org\/TR\/REC-html40\/loose.dtd\">\n<html><body><p>Desde el Ministerio de Desarrollo Social y Derechos Humanos, a trav&eacute;s del Plan de Inclusi&oacute;n en Derechos para J&oacute;venes dependiente de la Subsecretaria de Desarrollo Social y Comunidad realizar&aacute;n las &ldquo;Primeras Jornadas de Reflexi&oacute;n y Capacitaci&oacute;n de Promotores&rdquo;, que est&aacute;n destinadas a promotores sociales y educativos de los programas &ldquo;De la Esquina a la Escuela&rdquo;, &ldquo;De la Esquina al Trabajo&rdquo; y &ldquo;De la Esquina a la Universidad&rdquo;, pertenecientes a Guaymall&eacute;n, Las Heras, Lavalle y Malarg&uuml;e.<\/p>\n<p>Desde el Plan de Inclusi&oacute;n se han organizado las jornadas en dos instancias. En un primer momento se conformar&aacute;  una Mesa Local compuesta por los promotores de los tres programas de todos los n&uacute;cleos pertenecientes a cada departamento. El objetivo es plantear un diagn&oacute;stico del territorio que se est&aacute; abordando y reflexionar sobre las pr&aacute;cticas sociales y educativas que se est&aacute;n implementando. Adem&aacute;s, la idea es realizar un intercambio de experiencias y construcci&oacute;n de redes. En un segundo per&iacute;odo, se plantear&aacute;n tres talleres: uno destinado a promotores sociales, donde se trabajar&aacute;n las t&eacute;cnicas de abordaje social;  otro destinado a promotores educativos referido a t&eacute;cnicas de estudio y de motivaci&oacute;n y finalmente, un tercer taller del que participar&aacute;n todos los promotores sobre comunicaci&oacute;n asertiva y t&eacute;cnicas participativas.<\/p>\n<p>Con estas jornadas se apunta a generar un espacio  destinado a promover la formaci&oacute;n de equipos que dise&ntilde;en, implementen y articulen estrategias de acompa&ntilde;amiento integral de j&oacute;venes, de entre 18 y 26 a&ntilde;os, que est&eacute;n en situaci&oacute;n de  vulnerabilidad socio-econ&oacute;mica.<\/p>\n<\/body><\/html>\n","protected":false},"excerpt":{"rendered":"Desde el Ministerio de Desarrollo Social y Derechos Humanos, a trav&eacute;s del Plan de Inclusi&oacute;n en Derechos para J&oacute;venes dependiente de la Subsecretaria de Desarrollo Social y Comunidad realizar&aacute;n las &ldquo;Primeras Jornadas de Reflexi&oacute;n y Capacitaci&oacute;n de Promotores&rdquo;, que est&aacute;n destinadas a promotores sociales y educativos de los programas &ldquo;De la Esquina a la Escuela&rdquo;,&#8230; <a class=\"view-article\" href=\"https:\/\/www.mendoza.gov.ar\/prensa\/continuan-jornadas-de-capacitacion-para-promotores-del-plan-de-inclusion\/\"><\/a>","protected":false},"author":3,"featured_media":0,"comment_status":"closed","ping_status":"open","sticky":false,"template":"","format":"standard","meta":[],"categories":[11],"tags":[],"_links":{"self":[{"href":"https:\/\/www.mendoza.gov.ar\/prensa\/wp-json\/wp\/v2\/posts\/10967"}],"collection":[{"href":"https:\/\/www.mendoza.gov.ar\/prensa\/wp-json\/wp\/v2\/posts"}],"about":[{"href":"https:\/\/www.mendoza.gov.ar\/prensa\/wp-json\/wp\/v2\/types\/post"}],"author":[{"embeddable":true,"href":"https:\/\/www.mendoza.gov.ar\/prensa\/wp-json\/wp\/v2\/users\/3"}],"replies":[{"embeddable":true,"href":"https:\/\/www.mendoza.gov.ar\/prensa\/wp-json\/wp\/v2\/comments?post=10967"}],"version-history":[{"count":0,"href":"https:\/\/www.mendoza.gov.ar\/prensa\/wp-json\/wp\/v2\/posts\/10967\/revisions"}],"wp:attachment":[{"href":"https:\/\/www.mendoza.gov.ar\/prensa\/wp-json\/wp\/v2\/media?parent=10967"}],"wp:term":[{"taxonomy":"category","embeddable":true,"href":"https:\/\/www.mendoza.gov.ar\/prensa\/wp-json\/wp\/v2\/categories?post=10967"},{"taxonomy":"post_tag","embeddable":true,"href":"https:\/\/www.mendoza.gov.ar\/prensa\/wp-json\/wp\/v2\/tags?post=10967"}],"curies":[{"name":"wp","href":"https:\/\/api.w.org\/{rel}","templated":true}]}}