{"id":11005,"date":"2012-09-13T00:00:00","date_gmt":"2012-09-13T00:00:00","guid":{"rendered":"http:\/\/prensa.wp2.mendoza.gov.ar\/?p=11005"},"modified":"2012-09-13T00:00:00","modified_gmt":"2012-09-13T00:00:00","slug":"desarrollo-inicio-las-jornadas-de-reflexion-y-capacitacion-a-promotores-sociales-y-educativos","status":"publish","type":"post","link":"https:\/\/www.mendoza.gov.ar\/prensa\/desarrollo-inicio-las-jornadas-de-reflexion-y-capacitacion-a-promotores-sociales-y-educativos\/","title":{"rendered":"Desarrollo inici\u00f3 las Jornadas de Reflexi\u00f3n y Capacitaci\u00f3n a Promotores Sociales y Educativos"},"content":{"rendered":"<!DOCTYPE html PUBLIC \"-\/\/W3C\/\/DTD HTML 4.0 Transitional\/\/EN\" \"http:\/\/www.w3.org\/TR\/REC-html40\/loose.dtd\">\n<html><body><p>El Plan de Inclusi&oacute;n para J&oacute;venes dependiente de la Direcci&oacute;n de Econom&iacute;a Social del Ministerio de Desarrollo Social y Derechos Humanos en coordinaci&oacute;n con la Secretar&iacute;a de Bienestar de la Uncuyo iniciaron las Jornadas de Reflexi&oacute;n y Capacitaci&oacute;n a Promotores Sociales y Educativos de Maip&uacute;, Lavalle y Godoy Cruz.<\/p>\n<p>El objetivo fue plantear un diagn&oacute;stico del territorio que se est&aacute; abordando y reflexionar sobre las pr&aacute;cticas sociales y educativas que se est&aacute;n implementando para lograr la inclusi&oacute;n de los j&oacute;venes de la zona. La iniciativa que pertenece a los Programas &ldquo;De la Esquina a la Escuela&rdquo;, &ldquo;De la Esquina al Trabajo&rdquo; y &ldquo;De la Esquina a la Universidad&rdquo; reuni&oacute; a m&aacute;s de 80 j&oacute;venes de Mendoza para compartir una instancia de intercambio y reflexi&oacute;n para promotores de los programas que promueven una inclusi&oacute;n educativa y laboral. &ldquo;Estos j&oacute;venes caminan todos los rincones de Mendoza, acerc&aacute;ndose a los chicos con mayor vulnerabilidad para que puedan retomar sus estudios o inicien alg&uacute;n proyecto laboral&rdquo;, manifest&oacute; Ulises Moyano, coordinador del Plan de Inclusi&oacute;n para J&oacute;venes<\/p>\n<p>Con estas jornadas se apunta a generar un espacio destinado a fortalecer y promover la formaci&oacute;n de un conjunto de promotores sociales y educativos. La finalidad es que sean capaces de dise&ntilde;ar, implementar y articular estrategias de acompa&ntilde;amiento integral. Esta tarea, la realizar&aacute;n con  sujetos de derechos, de entre 18 y 26 a&ntilde;os, que est&eacute;n en situaci&oacute;n de vulnerabilidad socio-econ&oacute;mica.<\/p>\n<p>Los programas De la esquina a la Escuela y De la Esquina a la Universidad, que contempla este Plan, se ejecutan en articulaci&oacute;n con &aacute;reas municipales y organizaciones sociales territoriales, encargadas de postular a los promotores educativos de la comunidad regional. Los promotores tienen re&uacute;nen a los j&oacute;venes y ejecutan con ellos actividades de integraci&oacute;n y contenci&oacute;n social.<\/p>\n<p>As&iacute; cada miembro de este eslab&oacute;n trabaja en un proceso de acompa&ntilde;amiento que se facilita a trav&eacute;s de los 101 N&uacute;cleos de Fortalecimiento Socio-Educativo, distribuidos en toda la provincia. De este modo generan instancias de formaci&oacute;n continua y participativa para lograr la inserci&oacute;n de los j&oacute;venes tanto en el sistema educativo formal como en el &aacute;mbito laboral.<\/p>\n<\/body><\/html>\n","protected":false},"excerpt":{"rendered":"El Plan de Inclusi&oacute;n para J&oacute;venes dependiente de la Direcci&oacute;n de Econom&iacute;a Social del Ministerio de Desarrollo Social y Derechos Humanos en coordinaci&oacute;n con la Secretar&iacute;a de Bienestar de la Uncuyo iniciaron las Jornadas de Reflexi&oacute;n y Capacitaci&oacute;n a Promotores Sociales y Educativos de Maip&uacute;, Lavalle y Godoy Cruz. El objetivo fue plantear un diagn&oacute;stico&#8230; <a class=\"view-article\" href=\"https:\/\/www.mendoza.gov.ar\/prensa\/desarrollo-inicio-las-jornadas-de-reflexion-y-capacitacion-a-promotores-sociales-y-educativos\/\"><\/a>","protected":false},"author":3,"featured_media":0,"comment_status":"closed","ping_status":"open","sticky":false,"template":"","format":"standard","meta":[],"categories":[11],"tags":[],"_links":{"self":[{"href":"https:\/\/www.mendoza.gov.ar\/prensa\/wp-json\/wp\/v2\/posts\/11005"}],"collection":[{"href":"https:\/\/www.mendoza.gov.ar\/prensa\/wp-json\/wp\/v2\/posts"}],"about":[{"href":"https:\/\/www.mendoza.gov.ar\/prensa\/wp-json\/wp\/v2\/types\/post"}],"author":[{"embeddable":true,"href":"https:\/\/www.mendoza.gov.ar\/prensa\/wp-json\/wp\/v2\/users\/3"}],"replies":[{"embeddable":true,"href":"https:\/\/www.mendoza.gov.ar\/prensa\/wp-json\/wp\/v2\/comments?post=11005"}],"version-history":[{"count":0,"href":"https:\/\/www.mendoza.gov.ar\/prensa\/wp-json\/wp\/v2\/posts\/11005\/revisions"}],"wp:attachment":[{"href":"https:\/\/www.mendoza.gov.ar\/prensa\/wp-json\/wp\/v2\/media?parent=11005"}],"wp:term":[{"taxonomy":"category","embeddable":true,"href":"https:\/\/www.mendoza.gov.ar\/prensa\/wp-json\/wp\/v2\/categories?post=11005"},{"taxonomy":"post_tag","embeddable":true,"href":"https:\/\/www.mendoza.gov.ar\/prensa\/wp-json\/wp\/v2\/tags?post=11005"}],"curies":[{"name":"wp","href":"https:\/\/api.w.org\/{rel}","templated":true}]}}