{"id":110242,"date":"2017-10-19T16:44:14","date_gmt":"2017-10-19T19:44:14","guid":{"rendered":"http:\/\/prensa.wp1.mendoza.gov.ar\/?p=110242"},"modified":"2017-10-19T23:32:52","modified_gmt":"2017-10-20T02:32:52","slug":"corte-de-transito-en-avenida-del-prado-espanol-y-boulogne-sur-mer-del-parque-san-martin","status":"publish","type":"post","link":"https:\/\/www.mendoza.gov.ar\/prensa\/corte-de-transito-en-avenida-del-prado-espanol-y-boulogne-sur-mer-del-parque-san-martin\/","title":{"rendered":"Corte de tr\u00e1nsito en Avenida del Prado Espa\u00f1ol y Boulogne Sur Mer, del Parque San Mart\u00edn"},"content":{"rendered":"<!DOCTYPE html PUBLIC \"-\/\/W3C\/\/DTD HTML 4.0 Transitional\/\/EN\" \"http:\/\/www.w3.org\/TR\/REC-html40\/loose.dtd\">\n<html><body><p><em>Es por las tareas de hormigonado que se realizan desde hoy frente al C&iacute;rculo Policial.<\/em><\/p>\n<p>A partir de hoy no se podr&aacute; ingresar al Parque General San Mart&iacute;n por el acceso ubicado en Boulogne Sur Mer entre Pueyrred&oacute;n y Lamadrid, frente al C&iacute;rculo Policial. En ese sector, se realizan tareas de hormigonado.<\/p>\n<p>Quienes deban &nbsp;acceder al Club Mendoza Regatas y Club H&iacute;pico deber&aacute;n hacerlo por paseo Los Pl&aacute;tanos y Las Palmeras, que se habilitar&aacute; como estacionamiento. Se podr&aacute; llegar desde Carlos Thays, ya sea entrando por Avenida Francisco de As&iacute;s o Avenida del Libertador por la rotonda de Monse&ntilde;or Orzali.<\/p>\n<p>&nbsp;<\/p>\n<\/body><\/html>\n","protected":false},"excerpt":{"rendered":"Es por las tareas de hormigonado que se realizan desde hoy frente al C&iacute;rculo Policial. A partir de hoy no se podr&aacute; ingresar al Parque General San Mart&iacute;n por el acceso ubicado en Boulogne Sur Mer entre Pueyrred&oacute;n y Lamadrid, frente al C&iacute;rculo Policial. En ese sector, se realizan tareas de hormigonado. Quienes deban &nbsp;acceder&#8230; <a class=\"view-article\" href=\"https:\/\/www.mendoza.gov.ar\/prensa\/corte-de-transito-en-avenida-del-prado-espanol-y-boulogne-sur-mer-del-parque-san-martin\/\"><\/a>","protected":false},"author":63,"featured_media":110243,"comment_status":"open","ping_status":"open","sticky":false,"template":"","format":"standard","meta":[],"categories":[3],"tags":[],"_links":{"self":[{"href":"https:\/\/www.mendoza.gov.ar\/prensa\/wp-json\/wp\/v2\/posts\/110242"}],"collection":[{"href":"https:\/\/www.mendoza.gov.ar\/prensa\/wp-json\/wp\/v2\/posts"}],"about":[{"href":"https:\/\/www.mendoza.gov.ar\/prensa\/wp-json\/wp\/v2\/types\/post"}],"author":[{"embeddable":true,"href":"https:\/\/www.mendoza.gov.ar\/prensa\/wp-json\/wp\/v2\/users\/63"}],"replies":[{"embeddable":true,"href":"https:\/\/www.mendoza.gov.ar\/prensa\/wp-json\/wp\/v2\/comments?post=110242"}],"version-history":[{"count":2,"href":"https:\/\/www.mendoza.gov.ar\/prensa\/wp-json\/wp\/v2\/posts\/110242\/revisions"}],"predecessor-version":[{"id":110297,"href":"https:\/\/www.mendoza.gov.ar\/prensa\/wp-json\/wp\/v2\/posts\/110242\/revisions\/110297"}],"wp:featuredmedia":[{"embeddable":true,"href":"https:\/\/www.mendoza.gov.ar\/prensa\/wp-json\/wp\/v2\/media\/110243"}],"wp:attachment":[{"href":"https:\/\/www.mendoza.gov.ar\/prensa\/wp-json\/wp\/v2\/media?parent=110242"}],"wp:term":[{"taxonomy":"category","embeddable":true,"href":"https:\/\/www.mendoza.gov.ar\/prensa\/wp-json\/wp\/v2\/categories?post=110242"},{"taxonomy":"post_tag","embeddable":true,"href":"https:\/\/www.mendoza.gov.ar\/prensa\/wp-json\/wp\/v2\/tags?post=110242"}],"curies":[{"name":"wp","href":"https:\/\/api.w.org\/{rel}","templated":true}]}}