{"id":11044,"date":"2012-10-19T00:00:00","date_gmt":"2012-10-19T00:00:00","guid":{"rendered":"http:\/\/prensa.wp2.mendoza.gov.ar\/?p=11044"},"modified":"2012-10-19T00:00:00","modified_gmt":"2012-10-19T00:00:00","slug":"el-programa-mayores-en-accion-festejo-el-dia-del-adulto-mayor","status":"publish","type":"post","link":"https:\/\/www.mendoza.gov.ar\/prensa\/el-programa-mayores-en-accion-festejo-el-dia-del-adulto-mayor\/","title":{"rendered":"El programa Mayores en Acci\u00f3n festej\u00f3 el D\u00eda del Adulto Mayor"},"content":{"rendered":"<!DOCTYPE html PUBLIC \"-\/\/W3C\/\/DTD HTML 4.0 Transitional\/\/EN\" \"http:\/\/www.w3.org\/TR\/REC-html40\/loose.dtd\">\n<html><body><p>La Direcci&oacute;n de Adultos Mayores, a trav&eacute;s de su programa Mayores en Acci&oacute;n, realiz&oacute; un encuentro en la explanada de la Legislatura Provincial. Esta iniciativa, que se lleva a cabo todos los pen&uacute;ltimos jueves de cada mes, est&aacute; inserta en un programa de Promoci&oacute;n y Protecci&oacute;n de Derechos.<\/p>\n<p>En esta oportunidad, los ancianos de distintos Centros de Jubilados de la provincia se reunieron en la Casa de las Leyes para festejar el D&iacute;a del Adulto Mayor. Se present&oacute; el ballet folkl&oacute;rico Centro Flor de Guaymall&eacute;n  y el ballet Tango Mayor, ambos integrados por adultos mayores. Adem&aacute;s, leyeron sus producciones ancianos integrantes del taller literario dirigido por el profesor Souto. Tambi&eacute;n asistieron reinas de la tercera edad de distintos departamentos.<\/p>\n<p>Adem&aacute;s, realizaron una muestra de artesan&iacute;as, bordados y tejidos. Estos artistas, como otros que participan en los encuentros buscan demostrar que ellos pueden ser parte de una sociedad activa y que adem&aacute;s merecen respeto.<\/p>\n<p>El objetivo de las reuniones es visibilizar a los adultos mayores para crear conciencia social sobre la necesidad de valorarlos y respetarlos.<\/p>\n<p>&ldquo;Cada mes es mayor la participaci&oacute;n de quienes desean mostrar algo a la sociedad. Estamos festejando el d&iacute;a del adulto mayor porque tenemos muchos festejos en nuestro coraz&oacute;n y queremos seguir viviendo con esperanza. Todav&iacute;a tenemos el esp&iacute;ritu joven y queremos seguir haciendo cosas&rdquo;, manifest&oacute; Estela de Flamarique, directora de Adultos Mayores.<\/p>\n<\/body><\/html>\n","protected":false},"excerpt":{"rendered":"La Direcci&oacute;n de Adultos Mayores, a trav&eacute;s de su programa Mayores en Acci&oacute;n, realiz&oacute; un encuentro en la explanada de la Legislatura Provincial. Esta iniciativa, que se lleva a cabo todos los pen&uacute;ltimos jueves de cada mes, est&aacute; inserta en un programa de Promoci&oacute;n y Protecci&oacute;n de Derechos. En esta oportunidad, los ancianos de distintos&#8230; <a class=\"view-article\" href=\"https:\/\/www.mendoza.gov.ar\/prensa\/el-programa-mayores-en-accion-festejo-el-dia-del-adulto-mayor\/\"><\/a>","protected":false},"author":3,"featured_media":0,"comment_status":"closed","ping_status":"open","sticky":false,"template":"","format":"standard","meta":[],"categories":[11],"tags":[],"_links":{"self":[{"href":"https:\/\/www.mendoza.gov.ar\/prensa\/wp-json\/wp\/v2\/posts\/11044"}],"collection":[{"href":"https:\/\/www.mendoza.gov.ar\/prensa\/wp-json\/wp\/v2\/posts"}],"about":[{"href":"https:\/\/www.mendoza.gov.ar\/prensa\/wp-json\/wp\/v2\/types\/post"}],"author":[{"embeddable":true,"href":"https:\/\/www.mendoza.gov.ar\/prensa\/wp-json\/wp\/v2\/users\/3"}],"replies":[{"embeddable":true,"href":"https:\/\/www.mendoza.gov.ar\/prensa\/wp-json\/wp\/v2\/comments?post=11044"}],"version-history":[{"count":0,"href":"https:\/\/www.mendoza.gov.ar\/prensa\/wp-json\/wp\/v2\/posts\/11044\/revisions"}],"wp:attachment":[{"href":"https:\/\/www.mendoza.gov.ar\/prensa\/wp-json\/wp\/v2\/media?parent=11044"}],"wp:term":[{"taxonomy":"category","embeddable":true,"href":"https:\/\/www.mendoza.gov.ar\/prensa\/wp-json\/wp\/v2\/categories?post=11044"},{"taxonomy":"post_tag","embeddable":true,"href":"https:\/\/www.mendoza.gov.ar\/prensa\/wp-json\/wp\/v2\/tags?post=11044"}],"curies":[{"name":"wp","href":"https:\/\/api.w.org\/{rel}","templated":true}]}}