{"id":110850,"date":"2017-10-25T09:18:11","date_gmt":"2017-10-25T12:18:11","guid":{"rendered":"http:\/\/prensa.wp1.mendoza.gov.ar\/?p=110850"},"modified":"2017-10-25T10:11:04","modified_gmt":"2017-10-25T13:11:04","slug":"economia-lanzo-un-nuevo-ciclo-de-capacitacion-para-comerciantes-del-gran-mendoza","status":"publish","type":"post","link":"https:\/\/www.mendoza.gov.ar\/prensa\/economia-lanzo-un-nuevo-ciclo-de-capacitacion-para-comerciantes-del-gran-mendoza\/","title":{"rendered":"Econom\u00eda lanz\u00f3 un nuevo ciclo de capacitaci\u00f3n para comerciantes del Gran Mendoza"},"content":{"rendered":"<!DOCTYPE html PUBLIC \"-\/\/W3C\/\/DTD HTML 4.0 Transitional\/\/EN\" \"http:\/\/www.w3.org\/TR\/REC-html40\/loose.dtd\">\n<html><body><div id=\":ol\" class=\"ii gt adP adO\">\n<div id=\":pc\" class=\"a3s aXjCH m15f53545f01588c1\">\n<div id=\"m_-3585592436938799172yiv8312108448\">\n<div id=\"m_-3585592436938799172yui_3_16_0_ym19_1_1508927487341_10017\">\n<div id=\"m_-3585592436938799172yui_3_16_0_ym19_1_1508927487341_10016\">\n<div id=\"m_-3585592436938799172yiv8312108448yui_3_16_0_ym19_1_1508871769931_12682\"><em>Los encuentros ser&aacute;n entre el 31 de octubre y el 30 de noviembre en las instalaciones de la Federaci&oacute;n Econ&oacute;mica de Mendoza. Es necesario inscribirse previamente para asistir ya que son limitados los cupos.<\/em><\/div>\n<div id=\"m_-3585592436938799172yiv8312108448yui_3_16_0_ym19_1_1508871769931_12682\"><b>&nbsp;<\/b><\/div>\n<div id=\"m_-3585592436938799172yiv8312108448yui_3_16_0_ym19_1_1508871769931_12685\"><span id=\"m_-3585592436938799172yiv8312108448yui_3_16_0_ym19_1_1508871769931_12686\" lang=\"ES-AR\">El Ministerio de Econom&iacute;a, Infraestructura y Energ&iacute;a, a trav&eacute;s del Instituto de Desarrollo Comercial (IDC), lanz&oacute; un nuevo ciclo de capacitaci&oacute;n orientado a peque&ntilde;os y medianos comerciantes del Gran Mendoza.<\/span><\/div>\n<div id=\"m_-3585592436938799172yiv8312108448yui_3_16_0_ym19_1_1508871769931_12685\"><span lang=\"ES-AR\">&nbsp;<\/span><\/div>\n<div id=\"m_-3585592436938799172yiv8312108448yui_3_16_0_ym19_1_1508871769931_12687\"><span id=\"m_-3585592436938799172yiv8312108448yui_3_16_0_ym19_1_1508871769931_12688\" lang=\"ES-AR\">Ser&aacute;n cinco los ejes que se abarcar&aacute;n, en 10 encuentros, previstos desde el pr&oacute;ximo martes 31 y cuya finalizaci&oacute;n ser&aacute; a finales de noviembre, en horarios de 14 a 17. Se realizar&aacute; en la Federaci&oacute;n Econ&oacute;mica de Mendoza (Pedro Molina 471).<\/span><\/div>\n<div id=\"m_-3585592436938799172yiv8312108448yui_3_16_0_ym19_1_1508871769931_12687\"><span lang=\"ES-AR\">&nbsp;<\/span><\/div>\n<div id=\"m_-3585592436938799172yiv8312108448yui_3_16_0_ym19_1_1508871769931_12689\"><span id=\"m_-3585592436938799172yiv8312108448yui_3_16_0_ym19_1_1508871769931_12690\" lang=\"ES-AR\">&ldquo;Este nuevo espacio de capacitaci&oacute;n, enmarcado en el proyecto AL-Invest 5.0 y financiado por la Uni&oacute;n Europea, brindar&aacute; herramientas concretas para lograr comercios m&aacute;s competitivos y comprometidos con los clientes y el mercado local&rdquo;, remarc&oacute; Daniel Dimartino, gerente general del IDC, quien a&ntilde;adi&oacute;: &ldquo;Adem&aacute;s, ayudar&aacute; a los due&ntilde;os de los comercios a delegar tareas, cosa que poco ocurre, por ejemplo, en las empresas familiares&rdquo;.<\/span><\/div>\n<div id=\"m_-3585592436938799172yiv8312108448yui_3_16_0_ym19_1_1508871769931_12689\"><span lang=\"ES-AR\">&nbsp;<\/span><\/div>\n<div id=\"m_-3585592436938799172yiv8312108448yui_3_16_0_ym19_1_1508871769931_12691\"><span id=\"m_-3585592436938799172yiv8312108448yui_3_16_0_ym19_1_1508871769931_12692\" lang=\"ES-AR\">Los encuentros estar&aacute;n a cargo de profesionales de la Universidad Nacional de Cuyo y est&aacute; previsto desarrollar los siguientes contenidos en cinco m&oacute;dulos:<\/span><\/div>\n<div id=\"m_-3585592436938799172yiv8312108448yui_3_16_0_ym19_1_1508871769931_12693\"><span id=\"m_-3585592436938799172yiv8312108448yui_3_16_0_ym19_1_1508871769931_12694\" lang=\"ES-AR\">&nbsp;<\/span><\/div>\n<div id=\"m_-3585592436938799172yiv8312108448yui_3_16_0_ym19_1_1508871769931_12695\"><span id=\"m_-3585592436938799172yiv8312108448yui_3_16_0_ym19_1_1508871769931_12696\" lang=\"ES-AR\">1.<span id=\"m_-3585592436938799172yiv8312108448yui_3_16_0_ym19_1_1508871769931_12697\">&nbsp;&nbsp;&nbsp;&nbsp;&nbsp;<\/span><\/span><span id=\"m_-3585592436938799172yiv8312108448yui_3_16_0_ym19_1_1508871769931_12698\" lang=\"ES-AR\">T&eacute;cnicas de venta y atenci&oacute;n al cliente (31\/10 y 02\/11) de 14 a 17.<\/span><\/div>\n<div id=\"m_-3585592436938799172yiv8312108448yui_3_16_0_ym19_1_1508871769931_12699\"><span id=\"m_-3585592436938799172yiv8312108448yui_3_16_0_ym19_1_1508871769931_12700\" lang=\"ES-AR\">2.<span id=\"m_-3585592436938799172yiv8312108448yui_3_16_0_ym19_1_1508871769931_12701\">&nbsp; &nbsp; C<\/span><\/span><span id=\"m_-3585592436938799172yiv8312108448yui_3_16_0_ym19_1_1508871769931_12702\" lang=\"ES-AR\">omunicaci&oacute;n Digital (07\/11 y 09\/11) de 14 a 17.<\/span><\/div>\n<div id=\"m_-3585592436938799172yiv8312108448yui_3_16_0_ym19_1_1508871769931_12703\"><span id=\"m_-3585592436938799172yiv8312108448yui_3_16_0_ym19_1_1508871769931_12704\" lang=\"ES-AR\">3.<span id=\"m_-3585592436938799172yiv8312108448yui_3_16_0_ym19_1_1508871769931_12705\">&nbsp; &nbsp; &iquest;<\/span><\/span><span id=\"m_-3585592436938799172yiv8312108448yui_3_16_0_ym19_1_1508871769931_12706\" lang=\"ES-AR\">C&oacute;mo mejorar tu negocio? (14\/11 y 16\/11) de 14 a 17.<\/span><\/div>\n<div id=\"m_-3585592436938799172yiv8312108448yui_3_16_0_ym19_1_1508871769931_12707\"><span id=\"m_-3585592436938799172yiv8312108448yui_3_16_0_ym19_1_1508871769931_12708\" lang=\"ES-AR\">4.<span id=\"m_-3585592436938799172yiv8312108448yui_3_16_0_ym19_1_1508871769931_12709\">&nbsp; &nbsp; &nbsp;<\/span><\/span><span id=\"m_-3585592436938799172yiv8312108448yui_3_16_0_ym19_1_1508871769931_12710\" lang=\"ES-AR\">Imagen comercial. Vidrieras (21\/11 y 23\/11) de 14 a 17.<\/span><\/div>\n<div id=\"m_-3585592436938799172yiv8312108448yui_3_16_0_ym19_1_1508871769931_12711\"><span id=\"m_-3585592436938799172yiv8312108448yui_3_16_0_ym19_1_1508871769931_12712\" lang=\"ES-AR\">5.<span id=\"m_-3585592436938799172yiv8312108448yui_3_16_0_ym19_1_1508871769931_12713\">&nbsp; &nbsp; <\/span><\/span><span id=\"m_-3585592436938799172yiv8312108448yui_3_16_0_ym19_1_1508871769931_12714\" lang=\"ES-AR\">Gesti&oacute;n de tus empleados 20\/11 y 30\/11.<\/span><\/div>\n<div id=\"m_-3585592436938799172yiv8312108448yui_3_16_0_ym19_1_1508871769931_12715\"><span id=\"m_-3585592436938799172yiv8312108448yui_3_16_0_ym19_1_1508871769931_12716\" lang=\"ES-AR\">&nbsp;<\/span><\/div>\n<div id=\"m_-3585592436938799172yiv8312108448yui_3_16_0_ym19_1_1508871769931_12717\"><b id=\"m_-3585592436938799172yiv8312108448yui_3_16_0_ym19_1_1508871769931_12718\">Disertantes por m&oacute;dulo<\/b><\/div>\n<div id=\"m_-3585592436938799172yiv8312108448yui_3_16_0_ym19_1_1508871769931_12717\"><b>&nbsp;<\/b><\/div>\n<div id=\"m_-3585592436938799172yiv8312108448yui_3_16_0_ym19_1_1508871769931_12720\"><span id=\"m_-3585592436938799172yiv8312108448yui_3_16_0_ym19_1_1508871769931_12721\" lang=\"ES-AR\">M&oacute;dulo 1: Rodrigo Loyero.<\/span><\/div>\n<div id=\"m_-3585592436938799172yiv8312108448yui_3_16_0_ym19_1_1508871769931_12722\"><span id=\"m_-3585592436938799172yiv8312108448yui_3_16_0_ym19_1_1508871769931_12723\" lang=\"ES-AR\">M&oacute;dulo 2: Gonzalo Verge.<\/span><\/div>\n<div id=\"m_-3585592436938799172yiv8312108448yui_3_16_0_ym19_1_1508871769931_12724\"><span id=\"m_-3585592436938799172yiv8312108448yui_3_16_0_ym19_1_1508871769931_12725\" lang=\"ES-AR\">M&oacute;dulo 3: Monserrat Bahamonde.<\/span><\/div>\n<div id=\"m_-3585592436938799172yiv8312108448yui_3_16_0_ym19_1_1508871769931_12726\"><span id=\"m_-3585592436938799172yiv8312108448yui_3_16_0_ym19_1_1508871769931_12727\" lang=\"ES-AR\">M&oacute;dulo 4: Daniela Bartolucci.<\/span><\/div>\n<div id=\"m_-3585592436938799172yiv8312108448yui_3_16_0_ym19_1_1508871769931_12728\"><span id=\"m_-3585592436938799172yiv8312108448yui_3_16_0_ym19_1_1508871769931_12729\" lang=\"ES-AR\">M&oacute;dulo 5: Rodrigo Loyero.<\/span><\/div>\n<div id=\"m_-3585592436938799172yiv8312108448yui_3_16_0_ym19_1_1508871769931_12730\"><span id=\"m_-3585592436938799172yiv8312108448yui_3_16_0_ym19_1_1508871769931_12731\" lang=\"ES-AR\">&nbsp;<\/span><\/div>\n<div id=\"m_-3585592436938799172yiv8312108448yui_3_16_0_ym19_1_1508871769931_12732\"><b id=\"m_-3585592436938799172yiv8312108448yui_3_16_0_ym19_1_1508871769931_12733\">Inscripciones<\/b><\/div>\n<div id=\"m_-3585592436938799172yiv8312108448yui_3_16_0_ym19_1_1508871769931_12732\"><b>&nbsp;<\/b><\/div>\n<div id=\"m_-3585592436938799172yiv8312108448yui_3_16_0_ym19_1_1508871769931_12735\"><span id=\"m_-3585592436938799172yiv8312108448yui_3_16_0_ym19_1_1508871769931_12736\" lang=\"ES-AR\">Todos aquellos interesados en asistir u obtener mayor informaci&oacute;n deber&aacute;n comunicarse al tel&eacute;fono 0261 4230093 o enviar un correo electr&oacute;nico a&nbsp;<a href=\"mailto:info@idc.org.ar\" target=\"_blank\" rel=\"noopener\">info@idc.org.ar<\/a>. Cupos limitados. Entrada gratuita.<\/span><\/div>\n<div id=\"m_-3585592436938799172yiv8312108448yui_3_16_0_ym19_1_1508871769931_12735\"><span lang=\"ES-AR\">&nbsp;<\/span><\/div>\n<div id=\"m_-3585592436938799172yiv8312108448yui_3_16_0_ym19_1_1508871769931_12737\"><span id=\"m_-3585592436938799172yiv8312108448yui_3_16_0_ym19_1_1508871769931_12738\" lang=\"ES-AR\">Tambi&eacute;n podr&aacute;n inscribirse a trav&eacute;s de la plataforma Eventbrite mediante el siguiente enlace:&nbsp;<a id=\"m_-3585592436938799172yiv8312108448yui_3_16_0_ym19_1_1508871769931_12739\" href=\"https:\/\/www.eventbrite.com.ar\/e\/ciclo-de-capacitacion-mejora-de-los-procesos-comerciales-tickets-39221067268\" target=\"_blank\" rel=\"nofollow noopener\">https:\/\/www.eventbrite.com.ar\/e\/ciclo-de-capacitacion-mejora-de-los-procesos-comerciales-tickets-39221067268.<\/a><\/span><\/div>\n<div id=\"m_-3585592436938799172yiv8312108448yui_3_16_0_ym19_1_1508871769931_12740\"><b>&nbsp;<\/b><\/div>\n<div id=\"m_-3585592436938799172yiv8312108448yui_3_16_0_ym19_1_1508871769931_12740\"><b id=\"m_-3585592436938799172yiv8312108448yui_3_16_0_ym19_1_1508871769931_12741\">Sobre AL-Invest 5.0<\/b><\/div>\n<div id=\"m_-3585592436938799172yiv8312108448yui_3_16_0_ym19_1_1508871769931_12740\"><b>&nbsp;<\/b><\/div>\n<div id=\"m_-3585592436938799172yiv8312108448yui_3_16_0_ym19_1_1508871769931_12743\"><span id=\"m_-3585592436938799172yiv8312108448yui_3_16_0_ym19_1_1508871769931_12744\" lang=\"ES-AR\">El Programa AL-Investo es uno de los proyectos de cooperaci&oacute;n internacional m&aacute;s importantes de la Comisi&oacute;n Europea en Latinoam&eacute;rica. Inici&oacute; sus actividades en 1994 como una forma de atraer inversiones europeas a Am&eacute;rica Latina. Luego de cuatro exitosas etapas y teniendo en cuenta los contextos sociales y econ&oacute;micos, en su quinta etapa (AL-Invest 5.0) se enfoca en mejorar la productividad de las empresas, ampliar los nexos entre ellas y trabajar su internacionalizaci&oacute;n.<\/span><\/div>\n<div><\/div>\n<div><span id=\"m_-3585592436938799172yiv8312108448yui_3_16_0_ym19_1_1508871769931_12744\" lang=\"ES-AR\"> El programa AL-Invest 5.0 se&nbsp;<\/span>desarrolla desde 2016 y por cuatro a&ntilde;os, con la coordinaci&oacute;n de un consorcio internacional ejecutor liderado por la C&aacute;mara de Industria, Comercio, Servicios y Turismo de Santa Cruz-Bolivia (CAINCO).&nbsp;<span id=\"m_-3585592436938799172yiv8312108448yui_3_16_0_ym19_1_1508871769931_12748\" lang=\"ES-AR\">En el marco de este programa, el Instituto de Desarrollo Comercial obtuvo un subsidio para implementar un proyecto de apoyo a las pymes mendocinas, dentro del cual se encuadra esta acci&oacute;n.<\/span><\/div>\n<\/div>\n<\/div>\n<\/div>\n<\/div>\n<\/div>\n<\/body><\/html>\n","protected":false},"excerpt":{"rendered":"Los encuentros ser&aacute;n entre el 31 de octubre y el 30 de noviembre en las instalaciones de la Federaci&oacute;n Econ&oacute;mica de Mendoza. Es necesario inscribirse previamente para asistir ya que son limitados los cupos. &nbsp; El Ministerio de Econom&iacute;a, Infraestructura y Energ&iacute;a, a trav&eacute;s del Instituto de Desarrollo Comercial (IDC), lanz&oacute; un nuevo ciclo de&#8230; <a class=\"view-article\" href=\"https:\/\/www.mendoza.gov.ar\/prensa\/economia-lanzo-un-nuevo-ciclo-de-capacitacion-para-comerciantes-del-gran-mendoza\/\"><\/a>","protected":false},"author":61,"featured_media":110851,"comment_status":"open","ping_status":"open","sticky":false,"template":"","format":"standard","meta":[],"categories":[1],"tags":[],"_links":{"self":[{"href":"https:\/\/www.mendoza.gov.ar\/prensa\/wp-json\/wp\/v2\/posts\/110850"}],"collection":[{"href":"https:\/\/www.mendoza.gov.ar\/prensa\/wp-json\/wp\/v2\/posts"}],"about":[{"href":"https:\/\/www.mendoza.gov.ar\/prensa\/wp-json\/wp\/v2\/types\/post"}],"author":[{"embeddable":true,"href":"https:\/\/www.mendoza.gov.ar\/prensa\/wp-json\/wp\/v2\/users\/61"}],"replies":[{"embeddable":true,"href":"https:\/\/www.mendoza.gov.ar\/prensa\/wp-json\/wp\/v2\/comments?post=110850"}],"version-history":[{"count":3,"href":"https:\/\/www.mendoza.gov.ar\/prensa\/wp-json\/wp\/v2\/posts\/110850\/revisions"}],"predecessor-version":[{"id":110861,"href":"https:\/\/www.mendoza.gov.ar\/prensa\/wp-json\/wp\/v2\/posts\/110850\/revisions\/110861"}],"wp:featuredmedia":[{"embeddable":true,"href":"https:\/\/www.mendoza.gov.ar\/prensa\/wp-json\/wp\/v2\/media\/110851"}],"wp:attachment":[{"href":"https:\/\/www.mendoza.gov.ar\/prensa\/wp-json\/wp\/v2\/media?parent=110850"}],"wp:term":[{"taxonomy":"category","embeddable":true,"href":"https:\/\/www.mendoza.gov.ar\/prensa\/wp-json\/wp\/v2\/categories?post=110850"},{"taxonomy":"post_tag","embeddable":true,"href":"https:\/\/www.mendoza.gov.ar\/prensa\/wp-json\/wp\/v2\/tags?post=110850"}],"curies":[{"name":"wp","href":"https:\/\/api.w.org\/{rel}","templated":true}]}}