{"id":111,"date":"2014-01-09T14:16:00","date_gmt":"2014-01-09T14:16:00","guid":{"rendered":"http:\/\/prensa.wp2.mendoza.gov.ar\/?p=111"},"modified":"2014-01-09T14:16:00","modified_gmt":"2014-01-09T14:16:00","slug":"la-defensa-del-trabajo-decente-y-la-articulacion-con-el-poder-judicial-y-los-municipios-seran-los-ejes-de-la-gestion-de-rodolfo-lafalla","status":"publish","type":"post","link":"https:\/\/www.mendoza.gov.ar\/prensa\/la-defensa-del-trabajo-decente-y-la-articulacion-con-el-poder-judicial-y-los-municipios-seran-los-ejes-de-la-gestion-de-rodolfo-lafalla\/","title":{"rendered":"La defensa del trabajo decente y la articulaci\u00f3n con el Poder Judicial y los municipios ser\u00e1n los ejes de la gesti\u00f3n de Rodolfo Lafalla"},"content":{"rendered":"<!DOCTYPE html PUBLIC \"-\/\/W3C\/\/DTD HTML 4.0 Transitional\/\/EN\" \"http:\/\/www.w3.org\/TR\/REC-html40\/loose.dtd\">\n<html><body><p><img src=\"https:\/\/www.mendoza.gov.ar\/prensa\/wp-content\/uploads\/sites\/23\/2014\/08\/view_crop_13252.jpg\" class=\" img-responsive center-block\"><\/p>\n<p><span style=\"font-size: 13px;line-height: 1.6em\">Francisco P&eacute;rez puso en funciones al nuevo ministro de Trabajo Justicia y Gobierno, el abogado Rodolfo Lafalla.<\/span><\/p>\n<p><span style=\"font-size: 13px;line-height: 1.6em\">Durante el acto, el Gobernador destac&oacute; la labor realizada por el ministro saliente, F&eacute;lix Gonz&aacute;lez quien se desempe&ntilde;ar&aacute; como representante de la provincia ante la naci&oacute;n, otras provincias y las embajadas.<\/span><\/p>\n<p><span style=\"font-size: 13px;line-height: 1.6em\">En su discurso P&eacute;rez&nbsp;expres&oacute;: &ldquo;Uno entiende la funci&oacute;n p&uacute;blica como una posibilidad de transformar la realidad, fundamentalmente de los que necesitan al Estado m&aacute;s cerca. Este Ministerio es muy importante porque tiene a cargo la articulaci&oacute;n, el di&aacute;logo pol&iacute;tico con la gente, con los intendentes,&nbsp;las organizaciones territoriales,&nbsp;la penitenciar&iacute;a,&nbsp;el Poder Judicial, los gremios, las asociaciones y&nbsp;los programas proactivos de trabajo. Adem&aacute;s tiene la posibilidad de trabajar de manera horizontal con otros ministerios y los programas que desarrollan&rdquo;.<\/span><\/p>\n<p><span style=\"font-size: 13px;line-height: 1.6em\">A su tiempo, el nuevo Ministro, Rodolfo Lafalla dijo: &ldquo;Esto es una bisagra en mi carrera, un desaf&iacute;o y un gran compromiso&rdquo; y&nbsp;detall&oacute; las principales l&iacute;neas sobre las que trabajar&aacute;.<\/span><\/p>\n<p><span style=\"font-size: 13px;line-height: 1.6em\">En cuanto al &aacute;rea trabajo expres&oacute;: &ldquo;Nos preocuparemos por el cumplimiento estricto de las legislaci&oacute;n laboral en lo que la Organizaci&oacute;n Internacional del Trabajo denomina trabajo decente, cuyos objetivos son el trabajo registrado y la prohibici&oacute;n del trabajo infantil. Esta es una parte del proceso de la inclusi&oacute;n social y para esto vamos a poner toda la fuerza necesaria en las &aacute;reas de fiscalizaci&oacute;n y de control&rdquo;.<\/span><\/p>\n<p><span style=\"font-size: 13px;line-height: 1.6em\">&ldquo;Vamos a priorizar la negociaci&oacute;n colectiva, un derecho ganado como instrumento v&aacute;lido para discutir las condiciones de trabajo y los salarios de los trabajadores. Ser&aacute; el di&aacute;logo el instrumento v&aacute;lido &nbsp;para arribar al buen entendimiento&rdquo;, agreg&oacute; Lafalla.<\/span><\/p>\n<p><span style=\"font-size: 13px;line-height: 1.6em\">&ldquo;En lo que refiere a la Justicia el objetivo ser&aacute; acercar este servicio&nbsp;a los ciudadanos. Para esto trabajaremos en un programa de fortalecimiento, eliminando los obst&aacute;culos existentes para el&nbsp;acceso&nbsp;de los sectores de mayor vulnerabilidad,&nbsp;para que vean tutelados sus derechos y as&iacute; afianzarlos. Esto lo haremos en base de la articulaci&oacute;n con la participaci&oacute;n del Estado, los colegios de abogados; universidades y asociaciones civiles&rdquo;.<\/span><\/p>\n<p><span style=\"font-size: 13px;line-height: 1.6em\">Entre los temas en los que trabajar&aacute; destac&oacute; los de la propiedad de la tierra y &nbsp;los puesteros, la violencia contra &nbsp;las mujeres, trata de personas por explotaci&oacute;n laboral y sexual y tambi&eacute;n los de violencia familiar y al respecto agreg&oacute;: &ldquo;Trabajaremos codo a codo con el Poder Judicial &nbsp;colaborando en lo que sea necesario para lograr las metas propuestas&rdquo;.<\/span><\/p>\n<p><span style=\"font-size: 13px;line-height: 1.6em\">Para finalizar Rodolfo Lafalla enfatiz&oacute;:&nbsp;&ldquo;Queremos fortalecer y acrecentar los procesos de articulaci&oacute;n y di&aacute;logo con los 18 intendentes sin importar su signo pol&iacute;tico, en procura de lograr una mayor equidad para todos los mendocinos&rdquo;.<\/span><\/p>\n<p><span style=\"font-size: 13px;line-height: 1.6em\">Asistieron al acto miembros del gabinete provincial, el Diputado Nacional, Guillermo Carmona;&nbsp;la presidente Provisional del Senado, Miriam Gallardo;&nbsp;el Ministro de la Corte, Alejandro P&eacute;rez Hualde; &nbsp;intendentes, representantes de gremios y partidos pol&iacute;ticos, entre otras autoridades.<\/span><\/p>\n<p>&nbsp;<\/p>\n<p>&nbsp;<\/p>\n<p>&nbsp;<\/p>\n<\/body><\/html>\n","protected":false},"excerpt":{"rendered":"Francisco P&eacute;rez puso en funciones al nuevo ministro de Trabajo Justicia y Gobierno, el abogado Rodolfo Lafalla. Durante el acto, el Gobernador destac&oacute; la labor realizada por el ministro saliente, F&eacute;lix Gonz&aacute;lez quien se desempe&ntilde;ar&aacute; como representante de la provincia ante la naci&oacute;n, otras provincias y las embajadas. En su discurso P&eacute;rez&nbsp;expres&oacute;: &ldquo;Uno entiende la&#8230; <a class=\"view-article\" href=\"https:\/\/www.mendoza.gov.ar\/prensa\/la-defensa-del-trabajo-decente-y-la-articulacion-con-el-poder-judicial-y-los-municipios-seran-los-ejes-de-la-gestion-de-rodolfo-lafalla\/\"><\/a>","protected":false},"author":3,"featured_media":0,"comment_status":"closed","ping_status":"open","sticky":false,"template":"","format":"standard","meta":[],"categories":[19],"tags":[],"_links":{"self":[{"href":"https:\/\/www.mendoza.gov.ar\/prensa\/wp-json\/wp\/v2\/posts\/111"}],"collection":[{"href":"https:\/\/www.mendoza.gov.ar\/prensa\/wp-json\/wp\/v2\/posts"}],"about":[{"href":"https:\/\/www.mendoza.gov.ar\/prensa\/wp-json\/wp\/v2\/types\/post"}],"author":[{"embeddable":true,"href":"https:\/\/www.mendoza.gov.ar\/prensa\/wp-json\/wp\/v2\/users\/3"}],"replies":[{"embeddable":true,"href":"https:\/\/www.mendoza.gov.ar\/prensa\/wp-json\/wp\/v2\/comments?post=111"}],"version-history":[{"count":0,"href":"https:\/\/www.mendoza.gov.ar\/prensa\/wp-json\/wp\/v2\/posts\/111\/revisions"}],"wp:attachment":[{"href":"https:\/\/www.mendoza.gov.ar\/prensa\/wp-json\/wp\/v2\/media?parent=111"}],"wp:term":[{"taxonomy":"category","embeddable":true,"href":"https:\/\/www.mendoza.gov.ar\/prensa\/wp-json\/wp\/v2\/categories?post=111"},{"taxonomy":"post_tag","embeddable":true,"href":"https:\/\/www.mendoza.gov.ar\/prensa\/wp-json\/wp\/v2\/tags?post=111"}],"curies":[{"name":"wp","href":"https:\/\/api.w.org\/{rel}","templated":true}]}}