{"id":111501,"date":"2017-10-29T10:37:45","date_gmt":"2017-10-29T13:37:45","guid":{"rendered":"http:\/\/prensa.wp1.mendoza.gov.ar\/?p=111501"},"modified":"2017-10-29T10:37:45","modified_gmt":"2017-10-29T13:37:45","slug":"personal-de-ambiente-participo-de-una-conferencia-sobre-ecologia-y-recursos-faunicos","status":"publish","type":"post","link":"https:\/\/www.mendoza.gov.ar\/prensa\/personal-de-ambiente-participo-de-una-conferencia-sobre-ecologia-y-recursos-faunicos\/","title":{"rendered":"Personal de Ambiente particip\u00f3 de una conferencia sobre Ecolog\u00eda y recursos f\u00e1unicos"},"content":{"rendered":"<!DOCTYPE html PUBLIC \"-\/\/W3C\/\/DTD HTML 4.0 Transitional\/\/EN\" \"http:\/\/www.w3.org\/TR\/REC-html40\/loose.dtd\">\n<html><body><p><em>En la actividad realizada en la Universidad Maza, se trataron aspectos legales&nbsp;para el desempe&ntilde;o de los futuros veterinarios y analistas ambientales.&nbsp;<\/em><\/p>\n<p>En una conferencia realizada en la Universidad Juan Agust&iacute;n Maza&nbsp;autoridades acad&eacute;micas y alumnos y &nbsp;personal de la Direcci&oacute;n de Recursos Naturales Renovables de la Secretar&iacute;a de Ambiente y Ordenamiento Territorial trataron temas relacionados con Ecolog&iacute;a y recursos f&aacute;unicos.<\/p>\n<p>En el encuentro se trataron aspectos legales de suma importancia para el desempe&ntilde;o de los futuros veterinarios y analistas ambientales. Tambi&eacute;n se habl&oacute; acerca de distintas problem&aacute;ticas que atraviesa la fauna nativa regional de la provincia de Mendoza.&nbsp;La tem&aacute;tica se relaciona directamente con la c&aacute;tedra &ldquo;Ecolog&iacute;a y recursos f&aacute;unicos&rdquo; de la Facultad de Ciencias Veterinarias y Ambientales de la Universidad.<\/p>\n<p>Esta materia persigue los siguientes objetivos:<\/p>\n<ul>\n<li>Comprender los conceptos b&aacute;sicos de la ecolog&iacute;a y su aplicaci&oacute;n en situaciones de la profesi&oacute;n de Veterinario.<\/li>\n<li>Comprender las interacciones entre los organismos con su medio.<\/li>\n<li>Comprender la importancia de las interacciones inter e intra-espec&iacute;ficas.<\/li>\n<li>Obtener conocimientos b&aacute;sicos de sistem&aacute;tica.<\/li>\n<li>Conocer los principales proyectos productivos de fauna silvestre.<\/li>\n<li>Comprender la importancia de la conservaci&oacute;n de la biodiversidad.<\/li>\n<li>Conocer los principales da&ntilde;os antr&oacute;picos sobre la fauna.<\/li>\n<li>Brindar los conocimientos m&iacute;nimos para realizar un manejo del recurso fauna.<\/li>\n<li>Proponer espacios para la discusi&oacute;n sobre temas relacionados con la materia.<\/li>\n<li>Conocer y manejar la terminolog&iacute;a b&aacute;sica.<\/li>\n<\/ul>\n<p>Durante el cierre se habl&oacute; de la importancia del ejercicio veterinario en la medicina de fauna silvestre y la necesitad actual de cubrir ese nicho.<\/p>\n<\/body><\/html>\n","protected":false},"excerpt":{"rendered":"En la actividad realizada en la Universidad Maza, se trataron aspectos legales&nbsp;para el desempe&ntilde;o de los futuros veterinarios y analistas ambientales.&nbsp; En una conferencia realizada en la Universidad Juan Agust&iacute;n Maza&nbsp;autoridades acad&eacute;micas y alumnos y &nbsp;personal de la Direcci&oacute;n de Recursos Naturales Renovables de la Secretar&iacute;a de Ambiente y Ordenamiento Territorial trataron temas relacionados con&#8230; <a class=\"view-article\" href=\"https:\/\/www.mendoza.gov.ar\/prensa\/personal-de-ambiente-participo-de-una-conferencia-sobre-ecologia-y-recursos-faunicos\/\"><\/a>","protected":false},"author":68,"featured_media":0,"comment_status":"open","ping_status":"open","sticky":false,"template":"","format":"standard","meta":[],"categories":[3],"tags":[],"_links":{"self":[{"href":"https:\/\/www.mendoza.gov.ar\/prensa\/wp-json\/wp\/v2\/posts\/111501"}],"collection":[{"href":"https:\/\/www.mendoza.gov.ar\/prensa\/wp-json\/wp\/v2\/posts"}],"about":[{"href":"https:\/\/www.mendoza.gov.ar\/prensa\/wp-json\/wp\/v2\/types\/post"}],"author":[{"embeddable":true,"href":"https:\/\/www.mendoza.gov.ar\/prensa\/wp-json\/wp\/v2\/users\/68"}],"replies":[{"embeddable":true,"href":"https:\/\/www.mendoza.gov.ar\/prensa\/wp-json\/wp\/v2\/comments?post=111501"}],"version-history":[{"count":1,"href":"https:\/\/www.mendoza.gov.ar\/prensa\/wp-json\/wp\/v2\/posts\/111501\/revisions"}],"predecessor-version":[{"id":111502,"href":"https:\/\/www.mendoza.gov.ar\/prensa\/wp-json\/wp\/v2\/posts\/111501\/revisions\/111502"}],"wp:attachment":[{"href":"https:\/\/www.mendoza.gov.ar\/prensa\/wp-json\/wp\/v2\/media?parent=111501"}],"wp:term":[{"taxonomy":"category","embeddable":true,"href":"https:\/\/www.mendoza.gov.ar\/prensa\/wp-json\/wp\/v2\/categories?post=111501"},{"taxonomy":"post_tag","embeddable":true,"href":"https:\/\/www.mendoza.gov.ar\/prensa\/wp-json\/wp\/v2\/tags?post=111501"}],"curies":[{"name":"wp","href":"https:\/\/api.w.org\/{rel}","templated":true}]}}