{"id":111698,"date":"2017-10-31T09:45:26","date_gmt":"2017-10-31T12:45:26","guid":{"rendered":"http:\/\/prensa.wp1.mendoza.gov.ar\/?p=111698"},"modified":"2017-10-31T11:00:55","modified_gmt":"2017-10-31T14:00:55","slug":"mendoza-tendra-mas-de-500-hectareas-de-vides-reconvertidas-a-uvas-varietales","status":"publish","type":"post","link":"https:\/\/www.mendoza.gov.ar\/prensa\/mendoza-tendra-mas-de-500-hectareas-de-vides-reconvertidas-a-uvas-varietales\/","title":{"rendered":"Mendoza tendr\u00e1 m\u00e1s de 500 hect\u00e1reas de vides reconvertidas a uvas varietales"},"content":{"rendered":"<!DOCTYPE html PUBLIC \"-\/\/W3C\/\/DTD HTML 4.0 Transitional\/\/EN\" \"http:\/\/www.w3.org\/TR\/REC-html40\/loose.dtd\">\n<html><body><div id=\"m_6854259395951982885yui_3_16_0_ym19_1_1509449480359_12225\"><em><span id=\"m_6854259395951982885yui_3_16_0_ym19_1_1509449480359_12230\">En la primera operatoria lanzada por el Gobierno provincial para la reconversi&oacute;n varietal de vides, se presentaron y pasaron la primera etapa proyectos que permitir&iacute;an superar las 500 hect&aacute;reas a reconvertir.&nbsp;<\/span><span id=\"m_6854259395951982885yui_3_16_0_ym19_1_1509449480359_12236\">Sin embargo, se financiar&aacute;n mejoras en casi 3.000 hect&aacute;reas&nbsp;<\/span><\/em><span id=\"m_6854259395951982885yui_3_16_0_ym19_1_1509449480359_12237\"><em>de vid<\/em>.<\/span><\/div>\n<div><\/div>\n<div id=\"m_6854259395951982885yui_3_16_0_ym19_1_1509449480359_12235\"><span id=\"m_6854259395951982885yui_3_16_0_ym19_1_1509449480359_12311\">El programa de adaptaci&oacute;n del parque varietal se lanz&oacute; primero para los departamentos del Este y luego se sumaron el Sur y Lavalle. Fue puesto en marcha por el Ministerio de Econom&iacute;a, Infraestructura y Energ&iacute;a, con el objetivo de mejorar y reconvertir vi&ntilde;edos de uvas criollas a otras variedades con mayor calidad enol&oacute;gica.<\/span><\/div>\n<div id=\"m_6854259395951982885yui_3_16_0_ym19_1_1509449480359_12243\"><span id=\"m_6854259395951982885yui_3_16_0_ym19_1_1509449480359_12244\"><u><\/u>&nbsp;<u><\/u><\/span><\/div>\n<div id=\"m_6854259395951982885yui_3_16_0_ym19_1_1509449480359_12246\"><span id=\"m_6854259395951982885yui_3_16_0_ym19_1_1509449480359_12247\">En el caso del Este, se formularon 232 planes t&eacute;cnicos, de los cuales 122 ya fueron desembolsados. Para esto, el monto total de los planes t&eacute;cnicos formulados es de $35,6 millones, de los cuales los 122 aprobados y desembolsados&nbsp;<\/span><span id=\"m_6854259395951982885yui_3_16_0_ym19_1_1509449480359_12248\">a la fecha&nbsp;suman $16,74 millones. En esta zona, se pretende reconvertir 350 hect&aacute;reas.<u><\/u><\/span><\/div>\n<div id=\"m_6854259395951982885yui_3_16_0_ym19_1_1509449480359_12250\"><span id=\"m_6854259395951982885yui_3_16_0_ym19_1_1509449480359_12251\"><u><\/u>&nbsp;<u><\/u><\/span><\/div>\n<div id=\"m_6854259395951982885yui_3_16_0_ym19_1_1509449480359_12253\"><span id=\"m_6854259395951982885yui_3_16_0_ym19_1_1509449480359_12254\">En tanto, las mejoras propuestas por los productores de los departamentos del Este abarcan unas 1.700 hect&aacute;reas de vid que se beneficiar&aacute;n con riego, malla antigranizo, mejoras estructurales y de riego.<u><\/u><u><\/u><\/span><\/div>\n<div id=\"m_6854259395951982885yui_3_16_0_ym19_1_1509449480359_12256\"><span id=\"m_6854259395951982885yui_3_16_0_ym19_1_1509449480359_12257\"><u><\/u>&nbsp;<u><\/u><\/span><\/div>\n<div id=\"m_6854259395951982885yui_3_16_0_ym19_1_1509449480359_12259\"><span id=\"m_6854259395951982885yui_3_16_0_ym19_1_1509449480359_12260\">En el Sur y Lavalle, ya se precalificaron 156 de los 359&nbsp;<\/span><span id=\"m_6854259395951982885yui_3_16_0_ym19_1_1509449480359_12261\">proyectos postulantes. En este caso, los proyectos para los cuales ya se encuentran formulando los planes t&eacute;cnicos incluir&aacute;n mejoras en 1.100 hect&aacute;reas de vid, de las cuales se espera reconviertan unas 200.&nbsp;<\/span><span id=\"m_6854259395951982885yui_3_16_0_ym19_1_1509449480359_12268\">De esta manera, el Gobierno abri&oacute; una l&iacute;nea de financiamiento de hasta $<\/span><span id=\"m_6854259395951982885yui_3_16_0_ym19_1_1509449480359_12269\">300 mil por productor con hasta 20 hect&aacute;reas, a tasa cero, con 5 a&ntilde;os para la devoluci&oacute;n<span id=\"m_6854259395951982885yui_3_16_0_ym19_1_1509449480359_12270\">&nbsp;<\/span>y hasta 2 a&ntilde;os de per&iacute;odo de gracia.&nbsp;<\/span><span id=\"m_6854259395951982885yui_3_16_0_ym19_1_1509449480359_12277\">De esta manera, pretende llegar<\/span><span id=\"m_6854259395951982885yui_3_16_0_ym19_1_1509449480359_12277\"> en unos a&ntilde;os a reconvertir unas 5.000 hect&aacute;reas de vi&ntilde;edos en esta gesti&oacute;n para lograr una producci&oacute;n con mejores rindes y de mayor calidad, aunque se pretende alcanzar las 10 mil hect&aacute;reas.<\/span><\/div>\n<\/body><\/html>\n","protected":false},"excerpt":{"rendered":"En la primera operatoria lanzada por el Gobierno provincial para la reconversi&oacute;n varietal de vides, se presentaron y pasaron la primera etapa proyectos que permitir&iacute;an superar las 500 hect&aacute;reas a reconvertir.&nbsp;Sin embargo, se financiar&aacute;n mejoras en casi 3.000 hect&aacute;reas&nbsp;de vid. El programa de adaptaci&oacute;n del parque varietal se lanz&oacute; primero para los departamentos del Este&#8230; <a class=\"view-article\" href=\"https:\/\/www.mendoza.gov.ar\/prensa\/mendoza-tendra-mas-de-500-hectareas-de-vides-reconvertidas-a-uvas-varietales\/\"><\/a>","protected":false},"author":61,"featured_media":0,"comment_status":"open","ping_status":"open","sticky":false,"template":"","format":"standard","meta":[],"categories":[1],"tags":[],"_links":{"self":[{"href":"https:\/\/www.mendoza.gov.ar\/prensa\/wp-json\/wp\/v2\/posts\/111698"}],"collection":[{"href":"https:\/\/www.mendoza.gov.ar\/prensa\/wp-json\/wp\/v2\/posts"}],"about":[{"href":"https:\/\/www.mendoza.gov.ar\/prensa\/wp-json\/wp\/v2\/types\/post"}],"author":[{"embeddable":true,"href":"https:\/\/www.mendoza.gov.ar\/prensa\/wp-json\/wp\/v2\/users\/61"}],"replies":[{"embeddable":true,"href":"https:\/\/www.mendoza.gov.ar\/prensa\/wp-json\/wp\/v2\/comments?post=111698"}],"version-history":[{"count":3,"href":"https:\/\/www.mendoza.gov.ar\/prensa\/wp-json\/wp\/v2\/posts\/111698\/revisions"}],"predecessor-version":[{"id":111711,"href":"https:\/\/www.mendoza.gov.ar\/prensa\/wp-json\/wp\/v2\/posts\/111698\/revisions\/111711"}],"wp:attachment":[{"href":"https:\/\/www.mendoza.gov.ar\/prensa\/wp-json\/wp\/v2\/media?parent=111698"}],"wp:term":[{"taxonomy":"category","embeddable":true,"href":"https:\/\/www.mendoza.gov.ar\/prensa\/wp-json\/wp\/v2\/categories?post=111698"},{"taxonomy":"post_tag","embeddable":true,"href":"https:\/\/www.mendoza.gov.ar\/prensa\/wp-json\/wp\/v2\/tags?post=111698"}],"curies":[{"name":"wp","href":"https:\/\/api.w.org\/{rel}","templated":true}]}}