{"id":112667,"date":"2017-11-06T16:08:24","date_gmt":"2017-11-06T19:08:24","guid":{"rendered":"http:\/\/prensa.wp1.mendoza.gov.ar\/?p=112667"},"modified":"2017-11-06T17:15:17","modified_gmt":"2017-11-06T20:15:17","slug":"osep-presente-en-la-campana-de-prevencion-del-cancer-de-piel","status":"publish","type":"post","link":"https:\/\/www.mendoza.gov.ar\/prensa\/osep-presente-en-la-campana-de-prevencion-del-cancer-de-piel\/","title":{"rendered":"OSEP presente en la campa\u00f1a de prevenci\u00f3n del c\u00e1ncer de piel"},"content":{"rendered":"<!DOCTYPE html PUBLIC \"-\/\/W3C\/\/DTD HTML 4.0 Transitional\/\/EN\" \"http:\/\/www.w3.org\/TR\/REC-html40\/loose.dtd\">\n<html><body><p><em>Con gran concurrencia de p&uacute;blico, el s&aacute;bado 4 de noviembre se llev&oacute; a cabo una jornada de sensibilizaci&oacute;n sobre el c&aacute;ncer de piel, en el Parque Estaci&oacute;n Benegas, de Godoy Cruz.<\/em><\/p>\n<p>Profesionales del Servicio de Dermatolog&iacute;a del Hospital El Carmen realizaron chequeos gratuitos en la jornada para la prevenci&oacute;n del c&aacute;ncer de piel que se realiz&oacute; el &uacute;ltimo s&aacute;bado en el Parque Estaci&oacute;n Benegas, de Godoy Cruz.<\/p>\n<p>Los dermat&oacute;logos realizaron chequeos gratuitos para el control de manchas, lunares y lesiones de la piel, signos de alerta en la detecci&oacute;n temprana de este tipo de c&aacute;ncer.<\/p>\n<p>El p&uacute;blico tambi&eacute;n disfrut&oacute; de m&uacute;sica al aire libre y juegos did&aacute;cticos relacionados con el cuidado de la piel. Tambi&eacute;n se desarroll&oacute; un concurso de dise&ntilde;o de sombreros para fomentar el uso de ese accesorio por sus beneficios frente al sol.<\/p>\n<p>Organizada por la Municipalidad de Godoy Cruz, Fundavita, la Universidad del Aconcagua y la Delegaci&oacute;n Mendoza de la Sociedad Argentina de Dermatolog&iacute;a, la jornada tuvo como fin:<\/p>\n<p>&ndash;Generar h&aacute;bitos saludables en momentos de exposici&oacute;n al sol.<\/p>\n<p>&ndash;Brindar consejos de prevenci&oacute;n para adoptar durante todo el a&ntilde;o, pero fundamentalmente en el verano.<\/p>\n<p>&ndash;Disminuir el &iacute;ndice de personas que sufren y podr&iacute;an sufrir distintos tipos de c&aacute;ncer de piel.<\/p>\n<p>Adem&aacute;s de OSEP, acompa&ntilde;aron esta iniciativa el Ministerio de Salud, Desarrollo Social y Deportes&nbsp;del Gobierno de Mendoza, la Facultad de Ciencias M&eacute;dicas de la Universidad Nacional de Cuyo, la Universidad de Mendoza, el Hospital Universitario, el Hospital Espa&ntilde;ol, Farmacias del Plata, ECI, Fundaci&oacute;n Autam y Helados Lomoro<\/p>\n<p>Se destaca que, en el marco de la 24&ordf; Campa&ntilde;a Nacional de Prevenci&oacute;n del C&aacute;ncer de Piel, en el Hospital El Carmen el Servicio de Dermatolog&iacute;a continuar&aacute; con chequeos gratuitos abiertos a toda la comunidad, del 13 al 17 de noviembre y en los siguientes horarios:<\/p>\n<p>Lunes, martes y viernes de 8 a 11.<\/p>\n<p>Lunes a viernes de 14 a 16.<\/p>\n\n        <style type='text\/css'>\n            #gallery-1 {\n                margin: auto;\n            }\n            #gallery-1 .gallery-item {\n                float: left;\n                margin-top: 10px;\n\n                width: auto;}\n            #gallery-1 img {\n                border: 0px none;\n            }\n            #gallery-1 .gallery-caption {\n                margin-left: 0;\n            }\n        <\/style>\n<script>\njQuery(document).ready(function($) {\n  jQuery('div.gallery-item').hover(function(){\n     \/\/jQuery(this).fadeIn().siblings(':not(.modal)').fadeTo( 'slow' , 0.2);\n     jQuery(this).siblings(':not(.modal)').fadeTo( 'fast' , 0.2);\n     jQuery(this).fadeTo( 'slow' , 1);\n  },function(){\n     \/\/$(this).siblings().andSelf().fadeTo( 'slow' , 1);\n  });\n  jQuery('#gallery-1').on('mouseleave',function(){\n    jQuery('div.gallery-item').fadeTo( 'fast' , 1);\n  })\n});\n<\/script>\n        <!-- see gallery_shortcode() in wp-includes\/media.php -->\n        <h3>GALERIA<\/h3>\n        <div id='gallery-1' class='gallery galleryid-112667'><div class='gallery-item' data-toggle='modal' data-target='#112668' id='r112668'>\n            <dt class='gallery-icon'>\n                <a style='cursor:pointer;'><img width='150' height='150' src='https:\/\/www.mendoza.gov.ar\/wp-content\/uploads\/sites\/5\/2017\/11\/piel_DSC5026-150x150.jpg' class='attachment-thumbnail size-thumbnail' alt='' href=''><\/a>\n             <\/dt><\/div><div class=\"modal fade bs-example-modal-lg\" id=\"112668\" tabindex=\"-1\" role=\"dialog\" aria-labelledby=\"myModalLabel\">\n  <div class=\"modal-dialog modal-lg\" role=\"document\">\n    <div class=\"\">\n      <div class=\"modal-body\" style=\"text-align: center;\"><a href='https:\/\/www.mendoza.gov.ar\/prensa\/osep-presente-en-la-campana-de-prevencion-del-cancer-de-piel\/piel_dsc5026\/'><img width=\"700\" height=\"468\" src=\"https:\/\/www.mendoza.gov.ar\/wp-content\/uploads\/sites\/5\/2017\/11\/piel_DSC5026-700x468.jpg\" class=\"attachment-large size-large\" alt=\"\" loading=\"lazy\" srcset=\"https:\/\/www.mendoza.gov.ar\/wp-content\/uploads\/sites\/5\/2017\/11\/piel_DSC5026-700x468.jpg 700w, https:\/\/www.mendoza.gov.ar\/wp-content\/uploads\/sites\/5\/2017\/11\/piel_DSC5026-250x167.jpg 250w, https:\/\/www.mendoza.gov.ar\/wp-content\/uploads\/sites\/5\/2017\/11\/piel_DSC5026-768x513.jpg 768w, https:\/\/www.mendoza.gov.ar\/wp-content\/uploads\/sites\/5\/2017\/11\/piel_DSC5026-120x80.jpg 120w\" sizes=\"(max-width: 700px) 100vw, 700px\" \/><\/a><a data-toggle=\"modal\" data-dismiss=\"modal\" data-target=\"#112669\"><i class=\"text-white fa fa-chevron-right fa-4x\"><\/i><\/a><\/div>\n    <\/div>\n  <\/div>\n<\/div><div class='gallery-item' data-toggle='modal' data-target='#112669' id='r112669'>\n            <dt class='gallery-icon'>\n                <a style='cursor:pointer;'><img width='150' height='150' src='https:\/\/www.mendoza.gov.ar\/wp-content\/uploads\/sites\/5\/2017\/11\/piel_DSC5139-150x150.jpg' class='attachment-thumbnail size-thumbnail' alt='' href=''><\/a>\n             <\/dt><\/div><div class=\"modal fade bs-example-modal-lg\" id=\"112669\" tabindex=\"-1\" role=\"dialog\" aria-labelledby=\"myModalLabel\">\n  <div class=\"modal-dialog modal-lg\" role=\"document\">\n    <div class=\"\">\n      <div class=\"modal-body\" style=\"text-align: center;\"><a data-toggle=\"modal\" data-dismiss=\"modal\" data-target=\"#112668\"><i class=\"text-white fa fa-chevron-left fa-4x\"><\/i><\/a><a href='https:\/\/www.mendoza.gov.ar\/prensa\/osep-presente-en-la-campana-de-prevencion-del-cancer-de-piel\/piel_dsc5139\/'><img width=\"700\" height=\"467\" src=\"https:\/\/www.mendoza.gov.ar\/wp-content\/uploads\/sites\/5\/2017\/11\/piel_DSC5139-700x467.jpg\" class=\"attachment-large size-large\" alt=\"\" loading=\"lazy\" srcset=\"https:\/\/www.mendoza.gov.ar\/wp-content\/uploads\/sites\/5\/2017\/11\/piel_DSC5139-700x467.jpg 700w, https:\/\/www.mendoza.gov.ar\/wp-content\/uploads\/sites\/5\/2017\/11\/piel_DSC5139-250x167.jpg 250w, https:\/\/www.mendoza.gov.ar\/wp-content\/uploads\/sites\/5\/2017\/11\/piel_DSC5139-768x512.jpg 768w, https:\/\/www.mendoza.gov.ar\/wp-content\/uploads\/sites\/5\/2017\/11\/piel_DSC5139-120x80.jpg 120w, https:\/\/www.mendoza.gov.ar\/wp-content\/uploads\/sites\/5\/2017\/11\/piel_DSC5139.jpg 1575w\" sizes=\"(max-width: 700px) 100vw, 700px\" \/><\/a><a data-toggle=\"modal\" data-dismiss=\"modal\" data-target=\"#112670\"><i class=\"text-white fa fa-chevron-right fa-4x\"><\/i><\/a><\/div>\n    <\/div>\n  <\/div>\n<\/div><div class='gallery-item' data-toggle='modal' data-target='#112670' id='r112670'>\n            <dt class='gallery-icon'>\n                <a style='cursor:pointer;'><img width='150' height='150' src='https:\/\/www.mendoza.gov.ar\/wp-content\/uploads\/sites\/5\/2017\/11\/piel_DSC5123-150x150.jpg' class='attachment-thumbnail size-thumbnail' alt='' href=''><\/a>\n             <\/dt><\/div><div class=\"modal fade bs-example-modal-lg\" id=\"112670\" tabindex=\"-1\" role=\"dialog\" aria-labelledby=\"myModalLabel\">\n  <div class=\"modal-dialog modal-lg\" role=\"document\">\n    <div class=\"\">\n      <div class=\"modal-body\" style=\"text-align: center;\"><a data-toggle=\"modal\" data-dismiss=\"modal\" data-target=\"#112669\"><i class=\"text-white fa fa-chevron-left fa-4x\"><\/i><\/a><a href='https:\/\/www.mendoza.gov.ar\/prensa\/osep-presente-en-la-campana-de-prevencion-del-cancer-de-piel\/piel_dsc5123\/'><img width=\"700\" height=\"467\" src=\"https:\/\/www.mendoza.gov.ar\/wp-content\/uploads\/sites\/5\/2017\/11\/piel_DSC5123-700x467.jpg\" class=\"attachment-large size-large\" alt=\"\" loading=\"lazy\" srcset=\"https:\/\/www.mendoza.gov.ar\/wp-content\/uploads\/sites\/5\/2017\/11\/piel_DSC5123-700x467.jpg 700w, https:\/\/www.mendoza.gov.ar\/wp-content\/uploads\/sites\/5\/2017\/11\/piel_DSC5123-250x167.jpg 250w, https:\/\/www.mendoza.gov.ar\/wp-content\/uploads\/sites\/5\/2017\/11\/piel_DSC5123-768x512.jpg 768w, https:\/\/www.mendoza.gov.ar\/wp-content\/uploads\/sites\/5\/2017\/11\/piel_DSC5123-120x80.jpg 120w, https:\/\/www.mendoza.gov.ar\/wp-content\/uploads\/sites\/5\/2017\/11\/piel_DSC5123.jpg 1575w\" sizes=\"(max-width: 700px) 100vw, 700px\" \/><\/a><a data-toggle=\"modal\" data-dismiss=\"modal\" data-target=\"#112671\"><i class=\"text-white fa fa-chevron-right fa-4x\"><\/i><\/a><\/div>\n    <\/div>\n  <\/div>\n<\/div><div class='gallery-item' data-toggle='modal' data-target='#112671' id='r112671'>\n            <dt class='gallery-icon'>\n                <a style='cursor:pointer;'><img width='150' height='150' src='https:\/\/www.mendoza.gov.ar\/wp-content\/uploads\/sites\/5\/2017\/11\/piel_DSC5092-150x150.jpg' class='attachment-thumbnail size-thumbnail' alt='' href=''><\/a>\n             <\/dt><\/div><div class=\"modal fade bs-example-modal-lg\" id=\"112671\" tabindex=\"-1\" role=\"dialog\" aria-labelledby=\"myModalLabel\">\n  <div class=\"modal-dialog modal-lg\" role=\"document\">\n    <div class=\"\">\n      <div class=\"modal-body\" style=\"text-align: center;\"><a data-toggle=\"modal\" data-dismiss=\"modal\" data-target=\"#112670\"><i class=\"text-white fa fa-chevron-left fa-4x\"><\/i><\/a><a href='https:\/\/www.mendoza.gov.ar\/prensa\/osep-presente-en-la-campana-de-prevencion-del-cancer-de-piel\/piel_dsc5092\/'><img width=\"700\" height=\"468\" src=\"https:\/\/www.mendoza.gov.ar\/wp-content\/uploads\/sites\/5\/2017\/11\/piel_DSC5092-700x468.jpg\" class=\"attachment-large size-large\" alt=\"\" loading=\"lazy\" srcset=\"https:\/\/www.mendoza.gov.ar\/wp-content\/uploads\/sites\/5\/2017\/11\/piel_DSC5092-700x468.jpg 700w, https:\/\/www.mendoza.gov.ar\/wp-content\/uploads\/sites\/5\/2017\/11\/piel_DSC5092-250x167.jpg 250w, https:\/\/www.mendoza.gov.ar\/wp-content\/uploads\/sites\/5\/2017\/11\/piel_DSC5092-768x513.jpg 768w, https:\/\/www.mendoza.gov.ar\/wp-content\/uploads\/sites\/5\/2017\/11\/piel_DSC5092-120x80.jpg 120w\" sizes=\"(max-width: 700px) 100vw, 700px\" \/><\/a><a data-toggle=\"modal\" data-dismiss=\"modal\" data-target=\"#112672\"><i class=\"text-white fa fa-chevron-right fa-4x\"><\/i><\/a><\/div>\n    <\/div>\n  <\/div>\n<\/div><div class='gallery-item' data-toggle='modal' data-target='#112672' id='r112672'>\n            <dt class='gallery-icon'>\n                <a style='cursor:pointer;'><img width='150' height='150' src='https:\/\/www.mendoza.gov.ar\/wp-content\/uploads\/sites\/5\/2017\/11\/piel_DSC5041-150x150.jpg' class='attachment-thumbnail size-thumbnail' alt='' href=''><\/a>\n             <\/dt><\/div><div class=\"modal fade bs-example-modal-lg\" id=\"112672\" tabindex=\"-1\" role=\"dialog\" aria-labelledby=\"myModalLabel\">\n  <div class=\"modal-dialog modal-lg\" role=\"document\">\n    <div class=\"\">\n      <div class=\"modal-body\" style=\"text-align: center;\"><a data-toggle=\"modal\" data-dismiss=\"modal\" data-target=\"#112671\"><i class=\"text-white fa fa-chevron-left fa-4x\"><\/i><\/a><a href='https:\/\/www.mendoza.gov.ar\/prensa\/osep-presente-en-la-campana-de-prevencion-del-cancer-de-piel\/piel_dsc5041\/'><img width=\"700\" height=\"468\" src=\"https:\/\/www.mendoza.gov.ar\/wp-content\/uploads\/sites\/5\/2017\/11\/piel_DSC5041-700x468.jpg\" class=\"attachment-large size-large\" alt=\"\" loading=\"lazy\" srcset=\"https:\/\/www.mendoza.gov.ar\/wp-content\/uploads\/sites\/5\/2017\/11\/piel_DSC5041-700x468.jpg 700w, https:\/\/www.mendoza.gov.ar\/wp-content\/uploads\/sites\/5\/2017\/11\/piel_DSC5041-250x167.jpg 250w, https:\/\/www.mendoza.gov.ar\/wp-content\/uploads\/sites\/5\/2017\/11\/piel_DSC5041-768x513.jpg 768w, https:\/\/www.mendoza.gov.ar\/wp-content\/uploads\/sites\/5\/2017\/11\/piel_DSC5041-120x80.jpg 120w\" sizes=\"(max-width: 700px) 100vw, 700px\" \/><\/a><a data-toggle=\"modal\" data-dismiss=\"modal\" data-target=\"#112668\"><i class=\"text-white fa fa-chevron-right fa-4x\"><\/i><\/a><\/div>\n    <\/div>\n  <\/div>\n<\/div>\n            <br style='clear: both;' \/>\n        <\/div>\n\n<\/body><\/html>\n","protected":false},"excerpt":{"rendered":"Con gran concurrencia de p&uacute;blico, el s&aacute;bado 4 de noviembre se llev&oacute; a cabo una jornada de sensibilizaci&oacute;n sobre el c&aacute;ncer de piel, en el Parque Estaci&oacute;n Benegas, de Godoy Cruz. Profesionales del Servicio de Dermatolog&iacute;a del Hospital El Carmen realizaron chequeos gratuitos en la jornada para la prevenci&oacute;n del c&aacute;ncer de piel que se&#8230; <a class=\"view-article\" href=\"https:\/\/www.mendoza.gov.ar\/prensa\/osep-presente-en-la-campana-de-prevencion-del-cancer-de-piel\/\"><\/a>","protected":false},"author":63,"featured_media":112669,"comment_status":"open","ping_status":"open","sticky":false,"template":"","format":"standard","meta":[],"categories":[30],"tags":[],"_links":{"self":[{"href":"https:\/\/www.mendoza.gov.ar\/prensa\/wp-json\/wp\/v2\/posts\/112667"}],"collection":[{"href":"https:\/\/www.mendoza.gov.ar\/prensa\/wp-json\/wp\/v2\/posts"}],"about":[{"href":"https:\/\/www.mendoza.gov.ar\/prensa\/wp-json\/wp\/v2\/types\/post"}],"author":[{"embeddable":true,"href":"https:\/\/www.mendoza.gov.ar\/prensa\/wp-json\/wp\/v2\/users\/63"}],"replies":[{"embeddable":true,"href":"https:\/\/www.mendoza.gov.ar\/prensa\/wp-json\/wp\/v2\/comments?post=112667"}],"version-history":[{"count":3,"href":"https:\/\/www.mendoza.gov.ar\/prensa\/wp-json\/wp\/v2\/posts\/112667\/revisions"}],"predecessor-version":[{"id":112696,"href":"https:\/\/www.mendoza.gov.ar\/prensa\/wp-json\/wp\/v2\/posts\/112667\/revisions\/112696"}],"wp:featuredmedia":[{"embeddable":true,"href":"https:\/\/www.mendoza.gov.ar\/prensa\/wp-json\/wp\/v2\/media\/112669"}],"wp:attachment":[{"href":"https:\/\/www.mendoza.gov.ar\/prensa\/wp-json\/wp\/v2\/media?parent=112667"}],"wp:term":[{"taxonomy":"category","embeddable":true,"href":"https:\/\/www.mendoza.gov.ar\/prensa\/wp-json\/wp\/v2\/categories?post=112667"},{"taxonomy":"post_tag","embeddable":true,"href":"https:\/\/www.mendoza.gov.ar\/prensa\/wp-json\/wp\/v2\/tags?post=112667"}],"curies":[{"name":"wp","href":"https:\/\/api.w.org\/{rel}","templated":true}]}}