{"id":115211,"date":"2017-11-25T09:34:51","date_gmt":"2017-11-25T12:34:51","guid":{"rendered":"http:\/\/prensa.wp1.mendoza.gov.ar\/?p=115211"},"modified":"2017-11-24T18:17:20","modified_gmt":"2017-11-24T21:17:20","slug":"ambiente-realizo-la-jornada-nacional-de-planes-locales-de-accion-climatica","status":"publish","type":"post","link":"https:\/\/www.mendoza.gov.ar\/prensa\/ambiente-realizo-la-jornada-nacional-de-planes-locales-de-accion-climatica\/","title":{"rendered":"Ambiente realiz\u00f3 la Jornada Nacional de Planes Locales de Acci\u00f3n Clim\u00e1tica"},"content":{"rendered":"<!DOCTYPE html PUBLIC \"-\/\/W3C\/\/DTD HTML 4.0 Transitional\/\/EN\" \"http:\/\/www.w3.org\/TR\/REC-html40\/loose.dtd\">\n<html><body><p><em>Se entregaron los primeros informes municipales de gases de efecto invernadero.<\/em><\/p>\n<p>La Agencia Provincial de Cambio Clim&aacute;tico, junto con la Red Argentina de Municipios Frente al Cambio Clim&aacute;tico, desarroll&oacute; un conjunto de charlas y talleres con el fin de capacitar a las &aacute;reas t&eacute;cnicas de los municipios en&nbsp;materia de adaptaci&oacute;n y mitigaci&oacute;n del cambio clim&aacute;tico a trav&eacute;s de pol&iacute;ticas y acciones&nbsp;departamentales.<\/p>\n<p>Se desarrollaron en la Nave Cultural y&nbsp;se llevaron&nbsp;a cabo el jueves 23. Se entregaron los primeros informes municipales de&nbsp;emisi&oacute;n de gases de efecto invernadero a los departamentos de Godoy Cruz, Capital, Guaymallen,&nbsp;General Alvear y Santa Rosa.<\/p>\n<p>Los municipios de Malarg&uuml;e, San Mart&iacute;n, Jun&iacute;n, Rivadavia, Tunuy&aacute;n, Tupungato, San Rafael y San Carlos recibieron el informe preliminar del inventario de gases de efecto invernadero y participaron en la capacitaci&oacute;n posterior para diagramar los Planes Locales de Acci&oacute;n Clim&aacute;tica (PLAC). Estas jornadas tuvieron el apoyo de la Municipalidad de Capital, la Fundaci&oacute;n Friedrich Ebert Stiftung y la Embajada de Canad&aacute;.<\/p>\n<p><strong>&iquest;Qu&eacute; es un PLAC?<\/strong><\/p>\n<p>El PLAC, Plan Local de Acci&oacute;n Clim&aacute;tica, es un instrumento de los gobiernos locales para la planificaci&oacute;n y desarrollo de pol&iacute;ticas<br>\np&uacute;blicas en materia de cambio clim&aacute;tico. Se estructura la informaci&oacute;n<br>\ndisponible y se coordinan estrategias para disminuir la emisi&oacute;n local de gases de efecto invernadero (GEI) y aumentar la adaptaci&oacute;n al cambio clim&aacute;tico.<\/p>\n<p>Objetivos del PLAC:<\/p>\n<ul>\n<li>Inventariar las emisiones de gases de efecto invernadero generados a nivel local por los diferentes sectores: administraci&oacute;n p&uacute;blica, comercio, industria, agro, residencial.<\/li>\n<li>Planificar acciones de mitigaci&oacute;n y adaptaci&oacute;n al cambio clim&aacute;tico, con la participaci&oacute;n activa de las instituciones y empresas de la localidad.<\/li>\n<li>Ampliar o mejorar la acci&oacute;n de los sistemas existentes que funcionen sumideros de gases de efecto invernadero.<\/li>\n<li>Incentivar el uso de tecnolog&iacute;as m&aacute;s eficientes o innovadoras en el &aacute;mbito del consumo energ&eacute;tico, movilidad, etc.<\/li>\n<li>Aumentar la concienciaci&oacute;n y sensibilizaci&oacute;n de la poblaci&oacute;n sobre las causas y consecuencias del cambio clim&aacute;tico.<\/li>\n<\/ul>\n\n        <style type='text\/css'>\n            #gallery-1 {\n                margin: auto;\n            }\n            #gallery-1 .gallery-item {\n                float: left;\n                margin-top: 10px;\n\n                width: auto;}\n            #gallery-1 img {\n                border: 0px none;\n            }\n            #gallery-1 .gallery-caption {\n                margin-left: 0;\n            }\n        <\/style>\n<script>\njQuery(document).ready(function($) {\n  jQuery('div.gallery-item').hover(function(){\n     \/\/jQuery(this).fadeIn().siblings(':not(.modal)').fadeTo( 'slow' , 0.2);\n     jQuery(this).siblings(':not(.modal)').fadeTo( 'fast' , 0.2);\n     jQuery(this).fadeTo( 'slow' , 1);\n  },function(){\n     \/\/$(this).siblings().andSelf().fadeTo( 'slow' , 1);\n  });\n  jQuery('#gallery-1').on('mouseleave',function(){\n    jQuery('div.gallery-item').fadeTo( 'fast' , 1);\n  })\n});\n<\/script>\n        <!-- see gallery_shortcode() in wp-includes\/media.php -->\n        <h3>GALERIA<\/h3>\n        <div id='gallery-1' class='gallery galleryid-115211'><div class='gallery-item' data-toggle='modal' data-target='#115212' id='r115212'>\n            <dt class='gallery-icon'>\n                <a style='cursor:pointer;'><img width='150' height='150' src='https:\/\/www.mendoza.gov.ar\/wp-content\/uploads\/sites\/5\/2017\/11\/DSC_1234-150x150.jpg' class='attachment-thumbnail size-thumbnail' alt='' href=''><\/a>\n             <\/dt><\/div><div class=\"modal fade bs-example-modal-lg\" id=\"115212\" tabindex=\"-1\" role=\"dialog\" aria-labelledby=\"myModalLabel\">\n  <div class=\"modal-dialog modal-lg\" role=\"document\">\n    <div class=\"\">\n      <div class=\"modal-body\" style=\"text-align: center;\"><a href='https:\/\/www.mendoza.gov.ar\/prensa\/ambiente-realizo-la-jornada-nacional-de-planes-locales-de-accion-climatica\/secretaria-de-ambiente-jornada-nacional-de-planes-locales-de-a\/'><img width=\"700\" height=\"467\" src=\"https:\/\/www.mendoza.gov.ar\/wp-content\/uploads\/sites\/5\/2017\/11\/DSC_1234-700x467.jpg\" class=\"attachment-large size-large\" alt=\"\" loading=\"lazy\" srcset=\"https:\/\/www.mendoza.gov.ar\/wp-content\/uploads\/sites\/5\/2017\/11\/DSC_1234-700x467.jpg 700w, https:\/\/www.mendoza.gov.ar\/wp-content\/uploads\/sites\/5\/2017\/11\/DSC_1234-250x167.jpg 250w, https:\/\/www.mendoza.gov.ar\/wp-content\/uploads\/sites\/5\/2017\/11\/DSC_1234-768x513.jpg 768w, https:\/\/www.mendoza.gov.ar\/wp-content\/uploads\/sites\/5\/2017\/11\/DSC_1234-120x80.jpg 120w\" sizes=\"(max-width: 700px) 100vw, 700px\" \/><\/a><a data-toggle=\"modal\" data-dismiss=\"modal\" data-target=\"#115213\"><i class=\"text-white fa fa-chevron-right fa-4x\"><\/i><\/a><\/div>\n    <\/div>\n  <\/div>\n<\/div><div class='gallery-item' data-toggle='modal' data-target='#115213' id='r115213'>\n            <dt class='gallery-icon'>\n                <a style='cursor:pointer;'><img width='150' height='150' src='https:\/\/www.mendoza.gov.ar\/wp-content\/uploads\/sites\/5\/2017\/11\/DSC_1252-150x150.jpg' class='attachment-thumbnail size-thumbnail' alt='' href=''><\/a>\n             <\/dt><\/div><div class=\"modal fade bs-example-modal-lg\" id=\"115213\" tabindex=\"-1\" role=\"dialog\" aria-labelledby=\"myModalLabel\">\n  <div class=\"modal-dialog modal-lg\" role=\"document\">\n    <div class=\"\">\n      <div class=\"modal-body\" style=\"text-align: center;\"><a data-toggle=\"modal\" data-dismiss=\"modal\" data-target=\"#115212\"><i class=\"text-white fa fa-chevron-left fa-4x\"><\/i><\/a><a href='https:\/\/www.mendoza.gov.ar\/prensa\/ambiente-realizo-la-jornada-nacional-de-planes-locales-de-accion-climatica\/secretaria-de-ambiente-jornada-nacional-de-planes-locales-de-a-2\/'><img width=\"700\" height=\"467\" src=\"https:\/\/www.mendoza.gov.ar\/wp-content\/uploads\/sites\/5\/2017\/11\/DSC_1252-700x467.jpg\" class=\"attachment-large size-large\" alt=\"\" loading=\"lazy\" srcset=\"https:\/\/www.mendoza.gov.ar\/wp-content\/uploads\/sites\/5\/2017\/11\/DSC_1252-700x467.jpg 700w, https:\/\/www.mendoza.gov.ar\/wp-content\/uploads\/sites\/5\/2017\/11\/DSC_1252-250x167.jpg 250w, https:\/\/www.mendoza.gov.ar\/wp-content\/uploads\/sites\/5\/2017\/11\/DSC_1252-768x513.jpg 768w, https:\/\/www.mendoza.gov.ar\/wp-content\/uploads\/sites\/5\/2017\/11\/DSC_1252-120x80.jpg 120w\" sizes=\"(max-width: 700px) 100vw, 700px\" \/><\/a><a data-toggle=\"modal\" data-dismiss=\"modal\" data-target=\"#115214\"><i class=\"text-white fa fa-chevron-right fa-4x\"><\/i><\/a><\/div>\n    <\/div>\n  <\/div>\n<\/div><div class='gallery-item' data-toggle='modal' data-target='#115214' id='r115214'>\n            <dt class='gallery-icon'>\n                <a style='cursor:pointer;'><img width='150' height='150' src='https:\/\/www.mendoza.gov.ar\/wp-content\/uploads\/sites\/5\/2017\/11\/DSC_1223-150x150.jpg' class='attachment-thumbnail size-thumbnail' alt='' href=''><\/a>\n             <\/dt><\/div><div class=\"modal fade bs-example-modal-lg\" id=\"115214\" tabindex=\"-1\" role=\"dialog\" aria-labelledby=\"myModalLabel\">\n  <div class=\"modal-dialog modal-lg\" role=\"document\">\n    <div class=\"\">\n      <div class=\"modal-body\" style=\"text-align: center;\"><a data-toggle=\"modal\" data-dismiss=\"modal\" data-target=\"#115213\"><i class=\"text-white fa fa-chevron-left fa-4x\"><\/i><\/a><a href='https:\/\/www.mendoza.gov.ar\/prensa\/ambiente-realizo-la-jornada-nacional-de-planes-locales-de-accion-climatica\/secretaria-de-ambiente-jornada-nacional-de-planes-locales-de-a-3\/'><img width=\"700\" height=\"467\" src=\"https:\/\/www.mendoza.gov.ar\/wp-content\/uploads\/sites\/5\/2017\/11\/DSC_1223-700x467.jpg\" class=\"attachment-large size-large\" alt=\"\" loading=\"lazy\" srcset=\"https:\/\/www.mendoza.gov.ar\/wp-content\/uploads\/sites\/5\/2017\/11\/DSC_1223-700x467.jpg 700w, https:\/\/www.mendoza.gov.ar\/wp-content\/uploads\/sites\/5\/2017\/11\/DSC_1223-250x167.jpg 250w, https:\/\/www.mendoza.gov.ar\/wp-content\/uploads\/sites\/5\/2017\/11\/DSC_1223-768x513.jpg 768w, https:\/\/www.mendoza.gov.ar\/wp-content\/uploads\/sites\/5\/2017\/11\/DSC_1223-120x80.jpg 120w\" sizes=\"(max-width: 700px) 100vw, 700px\" \/><\/a><a data-toggle=\"modal\" data-dismiss=\"modal\" data-target=\"#115215\"><i class=\"text-white fa fa-chevron-right fa-4x\"><\/i><\/a><\/div>\n    <\/div>\n  <\/div>\n<\/div><div class='gallery-item' data-toggle='modal' data-target='#115215' id='r115215'>\n            <dt class='gallery-icon'>\n                <a style='cursor:pointer;'><img width='150' height='150' src='https:\/\/www.mendoza.gov.ar\/wp-content\/uploads\/sites\/5\/2017\/11\/DSC_1200-150x150.jpg' class='attachment-thumbnail size-thumbnail' alt='' href=''><\/a>\n             <\/dt><\/div><div class=\"modal fade bs-example-modal-lg\" id=\"115215\" tabindex=\"-1\" role=\"dialog\" aria-labelledby=\"myModalLabel\">\n  <div class=\"modal-dialog modal-lg\" role=\"document\">\n    <div class=\"\">\n      <div class=\"modal-body\" style=\"text-align: center;\"><a data-toggle=\"modal\" data-dismiss=\"modal\" data-target=\"#115214\"><i class=\"text-white fa fa-chevron-left fa-4x\"><\/i><\/a><a href='https:\/\/www.mendoza.gov.ar\/prensa\/ambiente-realizo-la-jornada-nacional-de-planes-locales-de-accion-climatica\/secretaria-de-ambiente-jornada-nacional-de-planes-locales-de-a-4\/'><img width=\"700\" height=\"467\" src=\"https:\/\/www.mendoza.gov.ar\/wp-content\/uploads\/sites\/5\/2017\/11\/DSC_1200-700x467.jpg\" class=\"attachment-large size-large\" alt=\"\" loading=\"lazy\" srcset=\"https:\/\/www.mendoza.gov.ar\/wp-content\/uploads\/sites\/5\/2017\/11\/DSC_1200-700x467.jpg 700w, https:\/\/www.mendoza.gov.ar\/wp-content\/uploads\/sites\/5\/2017\/11\/DSC_1200-250x167.jpg 250w, https:\/\/www.mendoza.gov.ar\/wp-content\/uploads\/sites\/5\/2017\/11\/DSC_1200-768x513.jpg 768w, https:\/\/www.mendoza.gov.ar\/wp-content\/uploads\/sites\/5\/2017\/11\/DSC_1200-120x80.jpg 120w\" sizes=\"(max-width: 700px) 100vw, 700px\" \/><\/a><a data-toggle=\"modal\" data-dismiss=\"modal\" data-target=\"#115216\"><i class=\"text-white fa fa-chevron-right fa-4x\"><\/i><\/a><\/div>\n    <\/div>\n  <\/div>\n<\/div><div class='gallery-item' data-toggle='modal' data-target='#115216' id='r115216'>\n            <dt class='gallery-icon'>\n                <a style='cursor:pointer;'><img width='150' height='150' src='https:\/\/www.mendoza.gov.ar\/wp-content\/uploads\/sites\/5\/2017\/11\/DSC_1183-150x150.jpg' class='attachment-thumbnail size-thumbnail' alt='' href=''><\/a>\n             <\/dt><\/div><div class=\"modal fade bs-example-modal-lg\" id=\"115216\" tabindex=\"-1\" role=\"dialog\" aria-labelledby=\"myModalLabel\">\n  <div class=\"modal-dialog modal-lg\" role=\"document\">\n    <div class=\"\">\n      <div class=\"modal-body\" style=\"text-align: center;\"><a data-toggle=\"modal\" data-dismiss=\"modal\" data-target=\"#115215\"><i class=\"text-white fa fa-chevron-left fa-4x\"><\/i><\/a><a href='https:\/\/www.mendoza.gov.ar\/prensa\/ambiente-realizo-la-jornada-nacional-de-planes-locales-de-accion-climatica\/secretaria-de-ambiente-jornada-nacional-de-planes-locales-de-a-5\/'><img width=\"700\" height=\"467\" src=\"https:\/\/www.mendoza.gov.ar\/wp-content\/uploads\/sites\/5\/2017\/11\/DSC_1183-700x467.jpg\" class=\"attachment-large size-large\" alt=\"\" loading=\"lazy\" srcset=\"https:\/\/www.mendoza.gov.ar\/wp-content\/uploads\/sites\/5\/2017\/11\/DSC_1183-700x467.jpg 700w, https:\/\/www.mendoza.gov.ar\/wp-content\/uploads\/sites\/5\/2017\/11\/DSC_1183-250x167.jpg 250w, https:\/\/www.mendoza.gov.ar\/wp-content\/uploads\/sites\/5\/2017\/11\/DSC_1183-768x513.jpg 768w, https:\/\/www.mendoza.gov.ar\/wp-content\/uploads\/sites\/5\/2017\/11\/DSC_1183-120x80.jpg 120w\" sizes=\"(max-width: 700px) 100vw, 700px\" \/><\/a><a data-toggle=\"modal\" data-dismiss=\"modal\" data-target=\"#115212\"><i class=\"text-white fa fa-chevron-right fa-4x\"><\/i><\/a><\/div>\n    <\/div>\n  <\/div>\n<\/div>\n            <br style='clear: both;' \/>\n        <\/div>\n\n<\/body><\/html>\n","protected":false},"excerpt":{"rendered":"Se entregaron los primeros informes municipales de gases de efecto invernadero. La Agencia Provincial de Cambio Clim&aacute;tico, junto con la Red Argentina de Municipios Frente al Cambio Clim&aacute;tico, desarroll&oacute; un conjunto de charlas y talleres con el fin de capacitar a las &aacute;reas t&eacute;cnicas de los municipios en&nbsp;materia de adaptaci&oacute;n y mitigaci&oacute;n del cambio clim&aacute;tico&#8230; <a class=\"view-article\" href=\"https:\/\/www.mendoza.gov.ar\/prensa\/ambiente-realizo-la-jornada-nacional-de-planes-locales-de-accion-climatica\/\"><\/a>","protected":false},"author":61,"featured_media":115214,"comment_status":"open","ping_status":"open","sticky":false,"template":"","format":"standard","meta":[],"categories":[3],"tags":[],"_links":{"self":[{"href":"https:\/\/www.mendoza.gov.ar\/prensa\/wp-json\/wp\/v2\/posts\/115211"}],"collection":[{"href":"https:\/\/www.mendoza.gov.ar\/prensa\/wp-json\/wp\/v2\/posts"}],"about":[{"href":"https:\/\/www.mendoza.gov.ar\/prensa\/wp-json\/wp\/v2\/types\/post"}],"author":[{"embeddable":true,"href":"https:\/\/www.mendoza.gov.ar\/prensa\/wp-json\/wp\/v2\/users\/61"}],"replies":[{"embeddable":true,"href":"https:\/\/www.mendoza.gov.ar\/prensa\/wp-json\/wp\/v2\/comments?post=115211"}],"version-history":[{"count":5,"href":"https:\/\/www.mendoza.gov.ar\/prensa\/wp-json\/wp\/v2\/posts\/115211\/revisions"}],"predecessor-version":[{"id":115326,"href":"https:\/\/www.mendoza.gov.ar\/prensa\/wp-json\/wp\/v2\/posts\/115211\/revisions\/115326"}],"wp:featuredmedia":[{"embeddable":true,"href":"https:\/\/www.mendoza.gov.ar\/prensa\/wp-json\/wp\/v2\/media\/115214"}],"wp:attachment":[{"href":"https:\/\/www.mendoza.gov.ar\/prensa\/wp-json\/wp\/v2\/media?parent=115211"}],"wp:term":[{"taxonomy":"category","embeddable":true,"href":"https:\/\/www.mendoza.gov.ar\/prensa\/wp-json\/wp\/v2\/categories?post=115211"},{"taxonomy":"post_tag","embeddable":true,"href":"https:\/\/www.mendoza.gov.ar\/prensa\/wp-json\/wp\/v2\/tags?post=115211"}],"curies":[{"name":"wp","href":"https:\/\/api.w.org\/{rel}","templated":true}]}}