{"id":116260,"date":"2017-12-01T12:32:27","date_gmt":"2017-12-01T15:32:27","guid":{"rendered":"http:\/\/prensa.wp1.mendoza.gov.ar\/?p=116260"},"modified":"2017-12-06T10:49:09","modified_gmt":"2017-12-06T13:49:09","slug":"presentaran-los-resultados-de-remediacion-de-suelos-agricolas","status":"publish","type":"post","link":"https:\/\/www.mendoza.gov.ar\/prensa\/presentaran-los-resultados-de-remediacion-de-suelos-agricolas\/","title":{"rendered":"Presentar\u00e1n los resultados de remediaci\u00f3n de suelos agr\u00edcolas"},"content":{"rendered":"<!DOCTYPE html PUBLIC \"-\/\/W3C\/\/DTD HTML 4.0 Transitional\/\/EN\" \"http:\/\/www.w3.org\/TR\/REC-html40\/loose.dtd\">\n<html><body><div id=\":1t5\" class=\"ii gt adP adO\">\n<div id=\":1t4\" class=\"a3s aXjCH m16012abc3ffccbc7\">\n<div id=\"m_3363242703630442865yui_3_16_0_ym19_1_1512129075678_59571\" dir=\"ltr\"><em>El encuentro se enmarca en la visi&oacute;n y aportes de la geolog&iacute;a para la preservaci&oacute;n y uso sustentable del suelo. Lo desarroll&oacute; el IDITS con el apoyo de la Secretar&iacute;a de Ciencia, T&eacute;cnica e Innovaci&oacute;n Productiva de la Naci&oacute;n.<\/em><\/div>\n<div id=\"m_3363242703630442865yui_3_16_0_ym19_1_1512129075678_59572\"><\/div>\n<div id=\"m_3363242703630442865yui_3_16_0_ym19_1_1512129075678_59574\">El Ministerio de Econom&iacute;a, Infraestructura y Energ&iacute;a, a trav&eacute;s del Instituto de Desarrollo Industrial, Tecnol&oacute;gico y de Servicios (IDITS), invita a participar en la charla que presentar&aacute; los resultados del proyecto de investigaci&oacute;n &ldquo;Recuperaci&oacute;n y remediaci&oacute;n de suelos agr&iacute;colas por el uso de recursos minerales y rocas molidas&rdquo;.<\/div>\n<div id=\"m_3363242703630442865yui_3_16_0_ym19_1_1512129075678_59575\"><\/div>\n<div id=\"m_3363242703630442865yui_3_16_0_ym19_1_1512129075678_59576\">El encuentro se realizar&aacute; el lunes 4, a las 19, en el Auditorio de IDITS, Juli&aacute;n Barraquero 130 de Ciudad.<\/div>\n<div id=\"m_3363242703630442865yui_3_16_0_ym19_1_1512129075678_59577\"><\/div>\n<div id=\"m_3363242703630442865yui_3_16_0_ym19_1_1512129075678_59578\">Este proyecto de investigaci&oacute;n fue presentado, aprobado y financiado por la Secretar&iacute;a de Ciencia, T&eacute;cnica e Innovaci&oacute;n Productiva de la Naci&oacute;n (SECTIP) y cont&oacute; con la participaci&oacute;n de INTA,&nbsp; el Servicio Geol&oacute;gico Minero Argentino (Segemar), la Direcci&oacute;n de Miner&iacute;a Mendoza, la Universidad Nacional de Cuyo, a trav&eacute;s de la Facultad de Ciencias Aplicadas a la Industria (FCAI) San Rafael, la C&aacute;mara Mendocina de Empresarios Mineros (CAMEM), la Municipalidad de Malarg&uuml;e y el Consejo Asesor Minero de Malarg&uuml;e<\/div>\n<div id=\"m_3363242703630442865yui_3_16_0_ym19_1_1512129075678_59579\"><\/div>\n<div id=\"m_3363242703630442865yui_3_16_0_ym19_1_1512129075678_59580\" dir=\"ltr\">Los interesados pueden inscribirse en el siguiente enlace:&nbsp;<a href=\"https:\/\/goo.gl\/forms\/8dDtXU4vQlgNddSs1\" target=\"_blank\" rel=\"noopener\">https:\/\/goo.gl\/forms\/8dDtXU4vQlgNddSs1.<\/a><\/div>\n<\/div>\n<div class=\"yj6qo\"><\/div>\n<\/div>\n<div id=\":24f\" class=\"hq gt a10\">\n\n        <style type='text\/css'>\n            #gallery-1 {\n                margin: auto;\n            }\n            #gallery-1 .gallery-item {\n                float: left;\n                margin-top: 10px;\n\n                width: auto;}\n            #gallery-1 img {\n                border: 0px none;\n            }\n            #gallery-1 .gallery-caption {\n                margin-left: 0;\n            }\n        <\/style>\n<script>\njQuery(document).ready(function($) {\n  jQuery('div.gallery-item').hover(function(){\n     \/\/jQuery(this).fadeIn().siblings(':not(.modal)').fadeTo( 'slow' , 0.2);\n     jQuery(this).siblings(':not(.modal)').fadeTo( 'fast' , 0.2);\n     jQuery(this).fadeTo( 'slow' , 1);\n  },function(){\n     \/\/$(this).siblings().andSelf().fadeTo( 'slow' , 1);\n  });\n  jQuery('#gallery-1').on('mouseleave',function(){\n    jQuery('div.gallery-item').fadeTo( 'fast' , 1);\n  })\n});\n<\/script>\n        <!-- see gallery_shortcode() in wp-includes\/media.php -->\n        <h3>GALERIA<\/h3>\n        <div id='gallery-1' class='gallery galleryid-116260'><div class='gallery-item' data-toggle='modal' data-target='#116261' id='r116261'>\n            <dt class='gallery-icon'>\n                <a style='cursor:pointer;'><img width='150' height='150' src='https:\/\/www.mendoza.gov.ar\/wp-content\/uploads\/sites\/5\/2017\/12\/imagen-idits-150x150.jpg' class='attachment-thumbnail size-thumbnail' alt='' href=''><\/a>\n             <\/dt><\/div><div class=\"modal fade bs-example-modal-lg\" id=\"116261\" tabindex=\"-1\" role=\"dialog\" aria-labelledby=\"myModalLabel\">\n  <div class=\"modal-dialog modal-lg\" role=\"document\">\n    <div class=\"\">\n      <div class=\"modal-body\" style=\"text-align: center;\"><a href='https:\/\/www.mendoza.gov.ar\/prensa\/presentaran-los-resultados-de-remediacion-de-suelos-agricolas\/imagen-idits\/'><img width=\"700\" height=\"352\" src=\"https:\/\/www.mendoza.gov.ar\/wp-content\/uploads\/sites\/5\/2017\/12\/imagen-idits-700x352.jpg\" class=\"attachment-large size-large\" alt=\"\" loading=\"lazy\" srcset=\"https:\/\/www.mendoza.gov.ar\/wp-content\/uploads\/sites\/5\/2017\/12\/imagen-idits-700x352.jpg 700w, https:\/\/www.mendoza.gov.ar\/wp-content\/uploads\/sites\/5\/2017\/12\/imagen-idits-250x126.jpg 250w, https:\/\/www.mendoza.gov.ar\/wp-content\/uploads\/sites\/5\/2017\/12\/imagen-idits-768x387.jpg 768w, https:\/\/www.mendoza.gov.ar\/wp-content\/uploads\/sites\/5\/2017\/12\/imagen-idits-120x60.jpg 120w, https:\/\/www.mendoza.gov.ar\/wp-content\/uploads\/sites\/5\/2017\/12\/imagen-idits.jpg 914w\" sizes=\"(max-width: 700px) 100vw, 700px\" \/><\/a><a data-toggle=\"modal\" data-dismiss=\"modal\" data-target=\"#116261\"><i class=\"text-white fa fa-chevron-right fa-4x\"><\/i><\/a><\/div>\n    <\/div>\n  <\/div>\n<\/div>\n            <br style='clear: both;' \/>\n        <\/div>\n\n<\/div>\n<\/body><\/html>\n","protected":false},"excerpt":{"rendered":"El encuentro se enmarca en la visi&oacute;n y aportes de la geolog&iacute;a para la preservaci&oacute;n y uso sustentable del suelo. Lo desarroll&oacute; el IDITS con el apoyo de la Secretar&iacute;a de Ciencia, T&eacute;cnica e Innovaci&oacute;n Productiva de la Naci&oacute;n. El Ministerio de Econom&iacute;a, Infraestructura y Energ&iacute;a, a trav&eacute;s del Instituto de Desarrollo Industrial, Tecnol&oacute;gico y&#8230; <a class=\"view-article\" href=\"https:\/\/www.mendoza.gov.ar\/prensa\/presentaran-los-resultados-de-remediacion-de-suelos-agricolas\/\"><\/a>","protected":false},"author":61,"featured_media":116261,"comment_status":"open","ping_status":"open","sticky":false,"template":"","format":"standard","meta":[],"categories":[1],"tags":[],"_links":{"self":[{"href":"https:\/\/www.mendoza.gov.ar\/prensa\/wp-json\/wp\/v2\/posts\/116260"}],"collection":[{"href":"https:\/\/www.mendoza.gov.ar\/prensa\/wp-json\/wp\/v2\/posts"}],"about":[{"href":"https:\/\/www.mendoza.gov.ar\/prensa\/wp-json\/wp\/v2\/types\/post"}],"author":[{"embeddable":true,"href":"https:\/\/www.mendoza.gov.ar\/prensa\/wp-json\/wp\/v2\/users\/61"}],"replies":[{"embeddable":true,"href":"https:\/\/www.mendoza.gov.ar\/prensa\/wp-json\/wp\/v2\/comments?post=116260"}],"version-history":[{"count":3,"href":"https:\/\/www.mendoza.gov.ar\/prensa\/wp-json\/wp\/v2\/posts\/116260\/revisions"}],"predecessor-version":[{"id":116777,"href":"https:\/\/www.mendoza.gov.ar\/prensa\/wp-json\/wp\/v2\/posts\/116260\/revisions\/116777"}],"wp:featuredmedia":[{"embeddable":true,"href":"https:\/\/www.mendoza.gov.ar\/prensa\/wp-json\/wp\/v2\/media\/116261"}],"wp:attachment":[{"href":"https:\/\/www.mendoza.gov.ar\/prensa\/wp-json\/wp\/v2\/media?parent=116260"}],"wp:term":[{"taxonomy":"category","embeddable":true,"href":"https:\/\/www.mendoza.gov.ar\/prensa\/wp-json\/wp\/v2\/categories?post=116260"},{"taxonomy":"post_tag","embeddable":true,"href":"https:\/\/www.mendoza.gov.ar\/prensa\/wp-json\/wp\/v2\/tags?post=116260"}],"curies":[{"name":"wp","href":"https:\/\/api.w.org\/{rel}","templated":true}]}}