{"id":118382,"date":"2017-12-20T12:50:35","date_gmt":"2017-12-20T15:50:35","guid":{"rendered":"http:\/\/prensa.wp1.mendoza.gov.ar\/?p=118382"},"modified":"2017-12-20T13:15:31","modified_gmt":"2017-12-20T16:15:31","slug":"durazno-industria-funcionarios-productores-y-empresarios-se-reunen-para-disenar-politicas-de-trabajo","status":"publish","type":"post","link":"https:\/\/www.mendoza.gov.ar\/prensa\/durazno-industria-funcionarios-productores-y-empresarios-se-reunen-para-disenar-politicas-de-trabajo\/","title":{"rendered":"Durazno industria: funcionarios, productores y empresarios se re\u00fanen para dise\u00f1ar pol\u00edticas de trabajo"},"content":{"rendered":"<!DOCTYPE html PUBLIC \"-\/\/W3C\/\/DTD HTML 4.0 Transitional\/\/EN\" \"http:\/\/www.w3.org\/TR\/REC-html40\/loose.dtd\">\n<html><body><div id=\"m_2051913236903428018yiv6729601368\">\n<div id=\"m_2051913236903428018yui_3_16_0_ym19_1_1513771110247_87124\" dir=\"ltr\">\n<div id=\"m_2051913236903428018yui_3_16_0_ym19_1_1513771110247_87123\">\n<div id=\"m_2051913236903428018yui_3_16_0_ym19_1_1513771110247_87143\" class=\"m_2051913236903428018yiv6729601368gmail-m_4843459914640999616gmail-MsoNormal\"><i id=\"m_2051913236903428018yui_3_16_0_ym19_1_1513771110247_87142\"><span id=\"m_2051913236903428018yui_3_16_0_ym19_1_1513771110247_87141\" lang=\"ES-TRAD\">Durante la jornada se presentar&aacute; el Plan Estrat&eacute;gico Durazno 2025. Ser&aacute; el jueves 21, en el<b>&nbsp;<\/b>Sal&oacute;n Killka Salentein, Tunuy&aacute;n.<\/span><\/i><\/div>\n<div id=\"m_2051913236903428018yui_3_16_0_ym19_1_1513771110247_87144\" class=\"m_2051913236903428018yiv6729601368gmail-m_4843459914640999616gmail-MsoNormal\"><\/div>\n<div id=\"m_2051913236903428018yui_3_16_0_ym19_1_1513771110247_87145\" class=\"m_2051913236903428018yiv6729601368gmail-m_4843459914640999616gmail-MsoNormal\">Productores primarios &ndash;fundamentalmente del Valle de Uco&ndash;, empresarios del sector del durazno industria, funcionarios del Instituto Nacional de Semillas, del Consejo Federal de Invesiones (CFI), del Ministerio de Econom&iacute;a, Infraestructura y Energ&iacute;a, la UNCuyo y el INTA se reunir&aacute;n para analizar el estado de situaci&oacute;n del sector y analizar las perspectivas de trabajo para el pr&oacute;ximo a&ntilde;o.<\/div>\n<div id=\"m_2051913236903428018yui_3_16_0_ym19_1_1513771110247_87146\" class=\"m_2051913236903428018yiv6729601368gmail-m_4843459914640999616gmail-MsoNormal\"><span lang=\"ES-TRAD\">&nbsp;<\/span><\/div>\n<div id=\"m_2051913236903428018yui_3_16_0_ym19_1_1513771110247_87148\" class=\"m_2051913236903428018yiv6729601368gmail-m_4843459914640999616gmail-MsoNormal\"><span id=\"m_2051913236903428018yui_3_16_0_ym19_1_1513771110247_87147\" lang=\"ES-TRAD\">El centro de la reuni&oacute;n estar&aacute; situado en la presentaci&oacute;n del Plan Durazno 2025. Comprende un proyecto de reconversi&oacute;n de montes de duraznos envejecidos por nuevos montes, <\/span><span id=\"m_2051913236903428018yui_3_16_0_ym19_1_1513771110247_87147\" lang=\"ES-TRAD\">en el marco de un proyecto de seguimiento y acompa&ntilde;amiento t&eacute;cnico coordinado por la Federaci&oacute;n Plan Estrat&eacute;gico de Durazno para Industria (Fepedi) y con una herramienta financiera fuerte para la compra de plantas, equipo de riego y plataforma de cosecha y poda.<\/span><\/div>\n<div id=\"m_2051913236903428018yui_3_16_0_ym19_1_1513771110247_87148\" class=\"m_2051913236903428018yiv6729601368gmail-m_4843459914640999616gmail-MsoNormal\"><span lang=\"ES-TRAD\">&nbsp;<\/span><\/div>\n<div id=\"m_2051913236903428018yui_3_16_0_ym19_1_1513771110247_87150\" class=\"m_2051913236903428018yiv6729601368gmail-m_4843459914640999616gmail-MsoNormal\"><span id=\"m_2051913236903428018yui_3_16_0_ym19_1_1513771110247_87149\" lang=\"ES-TRAD\">En la jornada se presentar&aacute; el proyecto de prospectiva realizado por la UNCuyo, que fue presentado al Ministerio de Ciencia y Tecnolog&iacute;a para el financiamiento de la etapa de los talleres de prospectiva del durazno.<\/span><\/div>\n<div id=\"m_2051913236903428018yui_3_16_0_ym19_1_1513771110247_88465\" class=\"m_2051913236903428018yiv6729601368gmail-m_4843459914640999616gmail-MsoNormal\"><span lang=\"ES-TRAD\">&nbsp;<\/span><\/div>\n<div id=\"m_2051913236903428018yui_3_16_0_ym19_1_1513771110247_87168\" class=\"m_2051913236903428018yiv6729601368gmail-m_4843459914640999616gmail-MsoNormal\"><span id=\"m_2051913236903428018yui_3_16_0_ym19_1_1513771110247_88596\" lang=\"ES-TRAD\">Tambi&eacute;n se presentar&aacute; el Censo de Productores de Durazno Industria 2017,<\/span><span id=\"m_2051913236903428018yui_3_16_0_ym19_1_1513771110247_87167\" lang=\"ES-TRAD\">&nbsp;que se present&oacute; al CFI y del cual se ha ejecutado exitosamente la primera etapa. Este censo caracteriza al sector y determin&oacute; poco m&aacute;s de 7.000 hect&aacute;reas<\/span><span id=\"m_2051913236903428018yui_3_16_0_ym19_1_1513771110247_87167\" lang=\"ES-TRAD\">, ubicadas en 900 propiedades.<\/span><\/div>\n<div id=\"m_2051913236903428018yui_3_16_0_ym19_1_1513771110247_87166\" class=\"m_2051913236903428018yiv6729601368gmail-m_4843459914640999616gmail-MsoNormal\"><span lang=\"ES-TRAD\">&nbsp;<\/span><\/div>\n<div id=\"m_2051913236903428018yui_3_16_0_ym19_1_1513771110247_88467\" class=\"m_2051913236903428018yiv6729601368gmail-m_4843459914640999616gmail-MsoNormal\"><span id=\"m_2051913236903428018yui_3_16_0_ym19_1_1513771110247_88466\" lang=\"ES-TRAD\">Miguel Giacinti, experto en tem&aacute;ticas de mercadeo mundial de fruta, contratado por el CFI para analizar el mercado mundial y el comportamiento del mercado interno, presentar&aacute; los resultados del trabajo.<\/span><\/div>\n<div id=\"m_2051913236903428018yui_3_16_0_ym19_1_1513771110247_88468\" class=\"m_2051913236903428018yiv6729601368gmail-m_4843459914640999616gmail-MsoNormal\"><b><span lang=\"ES-TRAD\">&nbsp;<\/span><\/b><\/div>\n<div id=\"m_2051913236903428018yui_3_16_0_ym19_1_1513771110247_88471\" class=\"m_2051913236903428018yiv6729601368gmail-m_4843459914640999616gmail-MsoNormal\"><b id=\"m_2051913236903428018yui_3_16_0_ym19_1_1513771110247_88470\"><span id=\"m_2051913236903428018yui_3_16_0_ym19_1_1513771110247_88469\" lang=\"ES-TRAD\">Taller de discusi&oacute;n Fepedi-Inase<\/span><\/b><\/div>\n<div id=\"m_2051913236903428018yui_3_16_0_ym19_1_1513771110247_87154\" class=\"m_2051913236903428018yiv6729601368gmail-m_4843459914640999616gmail-MsoNormal\"><span lang=\"ES-TRAD\">&nbsp;<\/span><\/div>\n<div id=\"m_2051913236903428018yui_3_16_0_ym19_1_1513771110247_88473\" class=\"m_2051913236903428018yiv6729601368gmail-m_4843459914640999616gmail-MsoNormal\"><span id=\"m_2051913236903428018yui_3_16_0_ym19_1_1513771110247_88472\" lang=\"ES-TRAD\">Las m&aacute;ximas autoridades del Instituto Nacional de Semillas (Inase) se reunir&aacute;n con miembros de la Fepedi, con el objetivo de avanzar en un programa para desarrollar los patrones gen&eacute;ticos que permitan establecer la identidad varietal de plantas de durazno.<\/span><\/div>\n<div id=\"m_2051913236903428018yui_3_16_0_ym19_1_1513771110247_88474\" class=\"m_2051913236903428018yiv6729601368gmail-m_4843459914640999616gmail-MsoNormal\"><span lang=\"ES-TRAD\">&nbsp;<\/span><\/div>\n<div id=\"m_2051913236903428018yui_3_16_0_ym19_1_1513771110247_88476\" class=\"m_2051913236903428018yiv6729601368gmail-m_4843459914640999616gmail-MsoNormal\"><span id=\"m_2051913236903428018yui_3_16_0_ym19_1_1513771110247_88475\" lang=\"ES-TRAD\">Adem&aacute;s, intentar&aacute;n avanzar en la posibilidad de importar desde Espa&ntilde;a&nbsp; cinco nuevas variedades de durazno. Por esto,&nbsp; en la reuni&oacute;n estar&aacute; presente el Iscamen con el objetivo de debatir c&oacute;mo inscribir estas variedades e implementar mecanismos que aseguren la calidad del material vegetal de los viveros.<\/span><\/div>\n<\/div>\n<\/div>\n<div>\n\n        <style type='text\/css'>\n            #gallery-1 {\n                margin: auto;\n            }\n            #gallery-1 .gallery-item {\n                float: left;\n                margin-top: 10px;\n\n                width: auto;}\n            #gallery-1 img {\n                border: 0px none;\n            }\n            #gallery-1 .gallery-caption {\n                margin-left: 0;\n            }\n        <\/style>\n<script>\njQuery(document).ready(function($) {\n  jQuery('div.gallery-item').hover(function(){\n     \/\/jQuery(this).fadeIn().siblings(':not(.modal)').fadeTo( 'slow' , 0.2);\n     jQuery(this).siblings(':not(.modal)').fadeTo( 'fast' , 0.2);\n     jQuery(this).fadeTo( 'slow' , 1);\n  },function(){\n     \/\/$(this).siblings().andSelf().fadeTo( 'slow' , 1);\n  });\n  jQuery('#gallery-1').on('mouseleave',function(){\n    jQuery('div.gallery-item').fadeTo( 'fast' , 1);\n  })\n});\n<\/script>\n        <!-- see gallery_shortcode() in wp-includes\/media.php -->\n        <h3>GALERIA<\/h3>\n        <div id='gallery-1' class='gallery galleryid-118382'><div class='gallery-item' data-toggle='modal' data-target='#118383' id='r118383'>\n            <dt class='gallery-icon'>\n                <a style='cursor:pointer;'><img width='150' height='150' src='https:\/\/www.mendoza.gov.ar\/wp-content\/uploads\/sites\/5\/2017\/12\/durazno-150x150.jpg' class='attachment-thumbnail size-thumbnail' alt='' href=''><\/a>\n             <\/dt><\/div><div class=\"modal fade bs-example-modal-lg\" id=\"118383\" tabindex=\"-1\" role=\"dialog\" aria-labelledby=\"myModalLabel\">\n  <div class=\"modal-dialog modal-lg\" role=\"document\">\n    <div class=\"\">\n      <div class=\"modal-body\" style=\"text-align: center;\"><a href='https:\/\/www.mendoza.gov.ar\/prensa\/durazno-industria-funcionarios-productores-y-empresarios-se-reunen-para-disenar-politicas-de-trabajo\/durazno\/'><img width=\"700\" height=\"466\" src=\"https:\/\/www.mendoza.gov.ar\/wp-content\/uploads\/sites\/5\/2017\/12\/durazno-700x466.jpg\" class=\"attachment-large size-large\" alt=\"\" loading=\"lazy\" srcset=\"https:\/\/www.mendoza.gov.ar\/wp-content\/uploads\/sites\/5\/2017\/12\/durazno-700x466.jpg 700w, https:\/\/www.mendoza.gov.ar\/wp-content\/uploads\/sites\/5\/2017\/12\/durazno-250x167.jpg 250w, https:\/\/www.mendoza.gov.ar\/wp-content\/uploads\/sites\/5\/2017\/12\/durazno-120x80.jpg 120w, https:\/\/www.mendoza.gov.ar\/wp-content\/uploads\/sites\/5\/2017\/12\/durazno.jpg 758w\" sizes=\"(max-width: 700px) 100vw, 700px\" \/><\/a><a data-toggle=\"modal\" data-dismiss=\"modal\" data-target=\"#118383\"><i class=\"text-white fa fa-chevron-right fa-4x\"><\/i><\/a><\/div>\n    <\/div>\n  <\/div>\n<\/div>\n            <br style='clear: both;' \/>\n        <\/div>\n\n<\/div>\n<\/div>\n<div class=\"yj6qo\"><\/div>\n<\/body><\/html>\n","protected":false},"excerpt":{"rendered":"Durante la jornada se presentar&aacute; el Plan Estrat&eacute;gico Durazno 2025. Ser&aacute; el jueves 21, en el&nbsp;Sal&oacute;n Killka Salentein, Tunuy&aacute;n. Productores primarios &ndash;fundamentalmente del Valle de Uco&ndash;, empresarios del sector del durazno industria, funcionarios del Instituto Nacional de Semillas, del Consejo Federal de Invesiones (CFI), del Ministerio de Econom&iacute;a, Infraestructura y Energ&iacute;a, la UNCuyo y el&#8230; <a class=\"view-article\" href=\"https:\/\/www.mendoza.gov.ar\/prensa\/durazno-industria-funcionarios-productores-y-empresarios-se-reunen-para-disenar-politicas-de-trabajo\/\"><\/a>","protected":false},"author":61,"featured_media":118383,"comment_status":"open","ping_status":"open","sticky":false,"template":"","format":"standard","meta":[],"categories":[1],"tags":[],"_links":{"self":[{"href":"https:\/\/www.mendoza.gov.ar\/prensa\/wp-json\/wp\/v2\/posts\/118382"}],"collection":[{"href":"https:\/\/www.mendoza.gov.ar\/prensa\/wp-json\/wp\/v2\/posts"}],"about":[{"href":"https:\/\/www.mendoza.gov.ar\/prensa\/wp-json\/wp\/v2\/types\/post"}],"author":[{"embeddable":true,"href":"https:\/\/www.mendoza.gov.ar\/prensa\/wp-json\/wp\/v2\/users\/61"}],"replies":[{"embeddable":true,"href":"https:\/\/www.mendoza.gov.ar\/prensa\/wp-json\/wp\/v2\/comments?post=118382"}],"version-history":[{"count":3,"href":"https:\/\/www.mendoza.gov.ar\/prensa\/wp-json\/wp\/v2\/posts\/118382\/revisions"}],"predecessor-version":[{"id":118389,"href":"https:\/\/www.mendoza.gov.ar\/prensa\/wp-json\/wp\/v2\/posts\/118382\/revisions\/118389"}],"wp:featuredmedia":[{"embeddable":true,"href":"https:\/\/www.mendoza.gov.ar\/prensa\/wp-json\/wp\/v2\/media\/118383"}],"wp:attachment":[{"href":"https:\/\/www.mendoza.gov.ar\/prensa\/wp-json\/wp\/v2\/media?parent=118382"}],"wp:term":[{"taxonomy":"category","embeddable":true,"href":"https:\/\/www.mendoza.gov.ar\/prensa\/wp-json\/wp\/v2\/categories?post=118382"},{"taxonomy":"post_tag","embeddable":true,"href":"https:\/\/www.mendoza.gov.ar\/prensa\/wp-json\/wp\/v2\/tags?post=118382"}],"curies":[{"name":"wp","href":"https:\/\/api.w.org\/{rel}","templated":true}]}}