{"id":118709,"date":"2017-12-22T12:39:29","date_gmt":"2017-12-22T15:39:29","guid":{"rendered":"http:\/\/prensa.wp1.mendoza.gov.ar\/?p=118709"},"modified":"2017-12-22T18:53:25","modified_gmt":"2017-12-22T21:53:25","slug":"plan-de-reconversion-viticola-en-2018-se-duplicara-el-presupuesto","status":"publish","type":"post","link":"https:\/\/www.mendoza.gov.ar\/prensa\/plan-de-reconversion-viticola-en-2018-se-duplicara-el-presupuesto\/","title":{"rendered":"Plan de Reconversi\u00f3n Vit\u00edcola: en 2018 se duplicar\u00e1 el presupuesto"},"content":{"rendered":"<!DOCTYPE html PUBLIC \"-\/\/W3C\/\/DTD HTML 4.0 Transitional\/\/EN\" \"http:\/\/www.w3.org\/TR\/REC-html40\/loose.dtd\">\n<html><body><div id=\"m_-3843885657790685449yui_3_16_0_ym19_1_1513942724138_46212\" dir=\"ltr\">\n<p><i id=\"m_-3843885657790685449yui_3_16_0_ym19_1_1513942724138_46211\">Este a&ntilde;o se invirtieron un poco m&aacute;s de $40 millones para financiar m&aacute;s de 400 proyectos. El a&ntilde;o pr&oacute;ximo se destinar&aacute;n $80 millones para ampliar las hect&aacute;reas reconvertidas.<\/i><\/p>\n<div id=\"m_-3843885657790685449yui_3_16_0_ym19_1_1513942724138_46251\">\n<div id=\"m_-3843885657790685449yui_3_16_0_ym19_1_1513942724138_46250\">\n<div id=\"m_-3843885657790685449yui_3_16_0_ym19_1_1513942724138_46249\">\n<div id=\"m_-3843885657790685449yui_3_16_0_ym19_1_1513942724138_46248\">\n<div>El programa m&aacute;s desafiante para la vitivinicultura, que este a&ntilde;o implement&oacute; el Ministerio de Econom&iacute;a, Infraestructura y Energ&iacute;a con el claro objetivo de reconvertir el parque varietal hacia uvas con mejor calidad enol&oacute;gica y m&aacute;s oportunidades de mercado, cierra con un balance positivo de m&aacute;s de 1.300 hect&aacute;reas a mejorar y m&aacute;s de 350 hect&aacute;reas a reconvertir, lo que significa una inversi&oacute;n cercana a 40 millones de pesos.<\/div>\n<div id=\"m_-3843885657790685449yui_3_16_0_ym19_1_1513942724138_46247\"><\/div>\n<div id=\"m_-3843885657790685449yui_3_16_0_ym19_1_1513942724138_46257\">Durante una jornada de evaluaci&oacute;n de resultados, el Instituto de Desarrollo Rural mostr&oacute; los n&uacute;meros finales de la aplicaci&oacute;n del plan piloto, que durante 2017 se llev&oacute; a cabo en la zona Este, el Sur y Lavalle.<\/div>\n<div id=\"m_-3843885657790685449yui_3_16_0_ym19_1_1513942724138_46257\"><\/div>\n<div id=\"m_-3843885657790685449yui_3_16_0_ym19_1_1513942724138_46263\">La primera experiencia se desarroll&oacute; en la zona Este, donde precalificaron 232 proyectos: 18 en Santa Rosa, 111 en San Mart&iacute;n, 49 en Rivadavia, 1 en La&nbsp; Paz y 53 en Jun&iacute;n.<\/div>\n<div id=\"m_-3843885657790685449yui_3_16_0_ym19_1_1513942724138_46263\"><\/div>\n<div id=\"m_-3843885657790685449yui_3_16_0_ym19_1_1513942724138_46262\">En tanto, 150 productores ya recibieron sus cr&eacute;ditos, por $22.254.000. Mientras que resta&nbsp;desembolsar $18 millones de esta etapa.<\/div>\n<div><\/div>\n<div id=\"m_-3843885657790685449yui_3_16_0_ym19_1_1513942724138_46262\"><span id=\"m_-3843885657790685449yui_3_16_0_ym19_1_1513942724138_46425\">Estos proyectos suman 1.740 hect&aacute;reas a mejorar (estructura, riego malla y reconvertidas), de las cuales 371 ser&aacute;n<\/span>&nbsp;reconvertidas.<\/div>\n<div id=\"m_-3843885657790685449yui_3_16_0_ym19_1_1513942724138_46262\"><\/div>\n<div id=\"m_-3843885657790685449yui_3_16_0_ym19_1_1513942724138_46260\">En el caso de la zona Sur y Lavalle,&nbsp;<span id=\"m_-3843885657790685449yui_3_16_0_ym19_1_1513942724138_46259\">173 proyectos ya est&aacute;n precalificados, lo que implicar&aacute; una inversi&oacute;n de $<\/span>20 millones m&aacute;s.<\/div>\n<div id=\"m_-3843885657790685449yui_3_16_0_ym19_1_1513942724138_46260\"><\/div>\n<div id=\"m_-3843885657790685449yui_3_16_0_ym19_1_1513942724138_46274\">En cuanto a la proyecci&oacute;n 2018, el presupuesto se elevar&aacute; a $80 millones y se ampliar&aacute;&nbsp;el programa a toda la provincia.&nbsp;Adem&aacute;s, se estima entregar cr&eacute;ditos a m&aacute;s de 500 productores con el objetivo&nbsp;<span id=\"m_-3843885657790685449yui_3_16_0_ym19_1_1513942724138_46273\">de realizar mejoras en m&aacute;s de 3.000 hect&aacute;reas de vid y reconvertir 700 hect&aacute;reas, que se sumar&aacute;n a las de 2017.&nbsp;<\/span><\/div>\n<div id=\"m_-3843885657790685449yui_3_16_0_ym19_1_1513942724138_46271\"><\/div>\n<div id=\"m_-3843885657790685449yui_3_16_0_ym19_1_1513942724138_46271\">Los resultados se expusieron durante una reuni&oacute;n en la que participaron las otras instituciones con las que se articul&oacute; este plan, como INTA, INV, COVIAR y Secretar&iacute;a de Agricultura Familiar.&nbsp;<span id=\"m_-3843885657790685449yui_3_16_0_ym19_1_1513942724138_46303\">Estuvieron presentes autoridades del IDR, el presidente del Instituto Nacional de Vitivinicultura, Carlos Tizzio; el jefe de Gabinete del Ministerio de Econom&iacute;a, Alfredo Aciar; el coordinador provincial de la Secretar&iacute;a de Agricultura Familiar, Coordinaci&oacute;n y Desarrollo Territorial de la Naci&oacute;n, Mart&iacute;n Balliro, y Jos&eacute; Mar&iacute;a Mones Caz&oacute;n, de la Direcci&oacute;n Nacional de Programas de Desarrollo Regional del Ministerio de Agroindustria de la Naci&oacute;n.<\/span><\/div>\n<div id=\"m_-3843885657790685449yui_3_16_0_ym19_1_1513942724138_46302\"><\/div>\n<div id=\"m_-3843885657790685449yui_3_16_0_ym19_1_1513942724138_46301\"><span id=\"m_-3843885657790685449yui_3_16_0_ym19_1_1513942724138_46300\">&ldquo;Este plan va a la estructura, va a una producci&oacute;n que s&iacute; tiene mercado. Estamos trabajando para que la vitivinicultura sea sustentable&rdquo;, se&ntilde;al&oacute; Aciar.&nbsp;<\/span><\/div>\n<div id=\"m_-3843885657790685449yui_3_16_0_ym19_1_1513942724138_46301\"><\/div>\n<div id=\"m_-3843885657790685449yui_3_16_0_ym19_1_1513942724138_46299\"><span id=\"m_-3843885657790685449yui_3_16_0_ym19_1_1513942724138_46298\" style=\"color: #000000\"><span id=\"m_-3843885657790685449yui_3_16_0_ym19_1_1513942724138_46297\">Vale recordar que este programa consiste en entregar cr&eacute;ditos de hasta $300 mil a tasa cero y con un plazo de devoluci&oacute;n de 5 a&ntilde;os, con dos de gracia.&nbsp;<\/span><\/span><span style=\"color: #000000\">Se establecieron cuatro l&iacute;neas de financiamiento: materiales y mano de obra, reposici&oacute;n de estructuras y\/o plantas, materiales para colocaci&oacute;n de malla antigranizo y riego por goteo y mejoras en los sistemas de riego.<\/span><\/div>\n<\/div>\n<\/div>\n<\/div>\n<\/div>\n<\/div>\n<\/body><\/html>\n","protected":false},"excerpt":{"rendered":"Este a&ntilde;o se invirtieron un poco m&aacute;s de $40 millones para financiar m&aacute;s de 400 proyectos. El a&ntilde;o pr&oacute;ximo se destinar&aacute;n $80 millones para ampliar las hect&aacute;reas reconvertidas. El programa m&aacute;s desafiante para la vitivinicultura, que este a&ntilde;o implement&oacute; el Ministerio de Econom&iacute;a, Infraestructura y Energ&iacute;a con el claro objetivo de reconvertir el parque varietal&#8230; <a class=\"view-article\" href=\"https:\/\/www.mendoza.gov.ar\/prensa\/plan-de-reconversion-viticola-en-2018-se-duplicara-el-presupuesto\/\"><\/a>","protected":false},"author":61,"featured_media":118710,"comment_status":"open","ping_status":"open","sticky":false,"template":"","format":"standard","meta":[],"categories":[1],"tags":[],"_links":{"self":[{"href":"https:\/\/www.mendoza.gov.ar\/prensa\/wp-json\/wp\/v2\/posts\/118709"}],"collection":[{"href":"https:\/\/www.mendoza.gov.ar\/prensa\/wp-json\/wp\/v2\/posts"}],"about":[{"href":"https:\/\/www.mendoza.gov.ar\/prensa\/wp-json\/wp\/v2\/types\/post"}],"author":[{"embeddable":true,"href":"https:\/\/www.mendoza.gov.ar\/prensa\/wp-json\/wp\/v2\/users\/61"}],"replies":[{"embeddable":true,"href":"https:\/\/www.mendoza.gov.ar\/prensa\/wp-json\/wp\/v2\/comments?post=118709"}],"version-history":[{"count":3,"href":"https:\/\/www.mendoza.gov.ar\/prensa\/wp-json\/wp\/v2\/posts\/118709\/revisions"}],"predecessor-version":[{"id":118820,"href":"https:\/\/www.mendoza.gov.ar\/prensa\/wp-json\/wp\/v2\/posts\/118709\/revisions\/118820"}],"wp:featuredmedia":[{"embeddable":true,"href":"https:\/\/www.mendoza.gov.ar\/prensa\/wp-json\/wp\/v2\/media\/118710"}],"wp:attachment":[{"href":"https:\/\/www.mendoza.gov.ar\/prensa\/wp-json\/wp\/v2\/media?parent=118709"}],"wp:term":[{"taxonomy":"category","embeddable":true,"href":"https:\/\/www.mendoza.gov.ar\/prensa\/wp-json\/wp\/v2\/categories?post=118709"},{"taxonomy":"post_tag","embeddable":true,"href":"https:\/\/www.mendoza.gov.ar\/prensa\/wp-json\/wp\/v2\/tags?post=118709"}],"curies":[{"name":"wp","href":"https:\/\/api.w.org\/{rel}","templated":true}]}}