{"id":118890,"date":"2017-12-22T20:29:08","date_gmt":"2017-12-22T23:29:08","guid":{"rendered":"http:\/\/prensa.wp1.mendoza.gov.ar\/?p=118890"},"modified":"2017-12-22T20:29:08","modified_gmt":"2017-12-22T23:29:08","slug":"ambiente-y-nacion-trabajaran-en-la-restauracion-de-los-bosques-nativos","status":"publish","type":"post","link":"https:\/\/www.mendoza.gov.ar\/prensa\/ambiente-y-nacion-trabajaran-en-la-restauracion-de-los-bosques-nativos\/","title":{"rendered":"Ambiente y Naci\u00f3n trabajar\u00e1n en la restauraci\u00f3n de los bosques nativos"},"content":{"rendered":"<!DOCTYPE html PUBLIC \"-\/\/W3C\/\/DTD HTML 4.0 Transitional\/\/EN\" \"http:\/\/www.w3.org\/TR\/REC-html40\/loose.dtd\">\n<html><body><p><em>Se enmarcar&aacute;n en el Programa Nacional de Restauraci&oacute;n de Bosque Nativo Degradado<\/em><\/p>\n<p>La Secretar&iacute;a de Ambiente y Ordenamiento Territorial firm&oacute; junto con el Ministerio de Ambiente y Desarrollo Sustentable de la Naci&oacute;n una carta de intenci&oacute;n con el fin de coordinar acciones en pos de la reforestaci&oacute;n de los bosques nativos degradados de la provincia. Como parte de este acuerdo, Naci&oacute;n enviar&aacute; fondos para impulsar las medidas.<\/p>\n<p>Despu&eacute;s de una recorrida por la Reserva Biosfera de &Ntilde;acu&ntilde;an y tras un relevamiento de las especies de la flora aut&oacute;ctona que crecen en el lugar.<\/p>\n<p>Este acuerdo se sustenta en el art&iacute;culo 41 de la Constituci&oacute;n Nacional, que establece que todos los habitantes gozan del derecho a un ambiente sano, equilibrado, apto para el desarrollo humano y para que las actividades productivas satisfagan las necesidades presentes sin comprometer a las generaciones futuras siendo las autoridades responsables de garantizar la protecci&oacute;n de este derecho, fomentando el uso racional de los recursos naturales y la preservaci&oacute;n del patrimonio natural y cultural junto con su diversidad.<\/p>\n<p>Asimismo, busca establecer parcelas experimentales de revegetaci&oacute;n de bosques degradados de zonas &aacute;ridas para conseguir que campos ganaderos afectados por incendios forestales, adyacentes a la Reserva Natural de &Ntilde;acu&ntilde;&aacute;n, adopten las t&eacute;cnicas de reforestaci&oacute;n con tres especies nativas presentes all&iacute;: zampa (Atriplex lampa), un arbusto de alto valor forrajero con notable resistencia a la sequ&iacute;a y a la salinidad; algarrobo dulce (Prosopis flexuosa) y algarrobo blanco (Prosopis chilensis), &aacute;rboles multiprop&oacute;sito y emblem&aacute;ticos del monte.<\/p>\n<p>En el departamento de Santa Rosa, en la zona buffer de la Reserva de Bi&oacute;sfera de &Ntilde;acu&ntilde;&aacute;n y campo &ldquo;El Divisadero&rdquo;, tambi&eacute;n se fomenta entre los&nbsp; productores ganaderos la alternativa del aprovechamiento silvopastoril, incluyendo a los algarrobos como proveedores de forraje (frutos y brotes), adem&aacute;s de su utilizaci&oacute;n como especies madereras (le&ntilde;a y postes), mel&iacute;feras y mejoradoras del ambiente ed&aacute;fico (fijaci&oacute;n de nitr&oacute;geno atmosf&eacute;rico, traslado de nutrientes, aireaci&oacute;n de suelos compactados, efecto nodriza).<\/p>\n<p>El Plan Nacional de Restauraci&oacute;n de Bosques Nativos de la cartera de Ambiente tiene como objetivo recomponer los bosques degradados del pa&iacute;s, restablecer y crear bosques degradados, restaurar suelos, prevenir inundaciones y fortalecer manejo del agua mediante forestaci&oacute;n, ampliar la superficie del bosque nativo y ampliar la captura de emisiones de efecto invernadero para aportar a los compromisos de disminuci&oacute;n de emisiones de la estrategia nacional de cambio clim&aacute;tico.<\/p>\n\n        <style type='text\/css'>\n            #gallery-1 {\n                margin: auto;\n            }\n            #gallery-1 .gallery-item {\n                float: left;\n                margin-top: 10px;\n\n                width: auto;}\n            #gallery-1 img {\n                border: 0px none;\n            }\n            #gallery-1 .gallery-caption {\n                margin-left: 0;\n            }\n        <\/style>\n<script>\njQuery(document).ready(function($) {\n  jQuery('div.gallery-item').hover(function(){\n     \/\/jQuery(this).fadeIn().siblings(':not(.modal)').fadeTo( 'slow' , 0.2);\n     jQuery(this).siblings(':not(.modal)').fadeTo( 'fast' , 0.2);\n     jQuery(this).fadeTo( 'slow' , 1);\n  },function(){\n     \/\/$(this).siblings().andSelf().fadeTo( 'slow' , 1);\n  });\n  jQuery('#gallery-1').on('mouseleave',function(){\n    jQuery('div.gallery-item').fadeTo( 'fast' , 1);\n  })\n});\n<\/script>\n        <!-- see gallery_shortcode() in wp-includes\/media.php -->\n        <h3>GALERIA<\/h3>\n        <div id='gallery-1' class='gallery galleryid-118890'><div class='gallery-item' data-toggle='modal' data-target='#118894' id='r118894'>\n            <dt class='gallery-icon'>\n                <a style='cursor:pointer;'><img width='150' height='150' src='https:\/\/www.mendoza.gov.ar\/wp-content\/uploads\/sites\/5\/2017\/12\/P1010135-150x150.jpg' class='attachment-thumbnail size-thumbnail' alt='' href=''><\/a>\n             <\/dt><\/div><div class=\"modal fade bs-example-modal-lg\" id=\"118894\" tabindex=\"-1\" role=\"dialog\" aria-labelledby=\"myModalLabel\">\n  <div class=\"modal-dialog modal-lg\" role=\"document\">\n    <div class=\"\">\n      <div class=\"modal-body\" style=\"text-align: center;\"><a href='https:\/\/www.mendoza.gov.ar\/prensa\/ambiente-y-nacion-trabajaran-en-la-restauracion-de-los-bosques-nativos\/olympus-digital-camera-15\/'><img width=\"700\" height=\"525\" src=\"https:\/\/www.mendoza.gov.ar\/wp-content\/uploads\/sites\/5\/2017\/12\/P1010135-700x525.jpg\" class=\"attachment-large size-large\" alt=\"\" loading=\"lazy\" srcset=\"https:\/\/www.mendoza.gov.ar\/wp-content\/uploads\/sites\/5\/2017\/12\/P1010135-700x525.jpg 700w, https:\/\/www.mendoza.gov.ar\/wp-content\/uploads\/sites\/5\/2017\/12\/P1010135-250x188.jpg 250w, https:\/\/www.mendoza.gov.ar\/wp-content\/uploads\/sites\/5\/2017\/12\/P1010135-768x576.jpg 768w, https:\/\/www.mendoza.gov.ar\/wp-content\/uploads\/sites\/5\/2017\/12\/P1010135-120x90.jpg 120w\" sizes=\"(max-width: 700px) 100vw, 700px\" \/><\/a><a data-toggle=\"modal\" data-dismiss=\"modal\" data-target=\"#118893\"><i class=\"text-white fa fa-chevron-right fa-4x\"><\/i><\/a><\/div>\n    <\/div>\n  <\/div>\n<\/div><div class='gallery-item' data-toggle='modal' data-target='#118893' id='r118893'>\n            <dt class='gallery-icon'>\n                <a style='cursor:pointer;'><img width='150' height='150' src='https:\/\/www.mendoza.gov.ar\/wp-content\/uploads\/sites\/5\/2017\/12\/ok4-150x150.jpg' class='attachment-thumbnail size-thumbnail' alt='' href=''><\/a>\n             <\/dt><\/div><div class=\"modal fade bs-example-modal-lg\" id=\"118893\" tabindex=\"-1\" role=\"dialog\" aria-labelledby=\"myModalLabel\">\n  <div class=\"modal-dialog modal-lg\" role=\"document\">\n    <div class=\"\">\n      <div class=\"modal-body\" style=\"text-align: center;\"><a data-toggle=\"modal\" data-dismiss=\"modal\" data-target=\"#118894\"><i class=\"text-white fa fa-chevron-left fa-4x\"><\/i><\/a><a href='https:\/\/www.mendoza.gov.ar\/prensa\/ambiente-y-nacion-trabajaran-en-la-restauracion-de-los-bosques-nativos\/olympus-digital-camera-14\/'><img width=\"700\" height=\"525\" src=\"https:\/\/www.mendoza.gov.ar\/wp-content\/uploads\/sites\/5\/2017\/12\/ok4-700x525.jpg\" class=\"attachment-large size-large\" alt=\"\" loading=\"lazy\" srcset=\"https:\/\/www.mendoza.gov.ar\/wp-content\/uploads\/sites\/5\/2017\/12\/ok4-700x525.jpg 700w, https:\/\/www.mendoza.gov.ar\/wp-content\/uploads\/sites\/5\/2017\/12\/ok4-250x188.jpg 250w, https:\/\/www.mendoza.gov.ar\/wp-content\/uploads\/sites\/5\/2017\/12\/ok4-768x576.jpg 768w, https:\/\/www.mendoza.gov.ar\/wp-content\/uploads\/sites\/5\/2017\/12\/ok4-120x90.jpg 120w\" sizes=\"(max-width: 700px) 100vw, 700px\" \/><\/a><a data-toggle=\"modal\" data-dismiss=\"modal\" data-target=\"#118892\"><i class=\"text-white fa fa-chevron-right fa-4x\"><\/i><\/a><\/div>\n    <\/div>\n  <\/div>\n<\/div><div class='gallery-item' data-toggle='modal' data-target='#118892' id='r118892'>\n            <dt class='gallery-icon'>\n                <a style='cursor:pointer;'><img width='150' height='150' src='https:\/\/www.mendoza.gov.ar\/wp-content\/uploads\/sites\/5\/2017\/12\/ok3-150x150.jpg' class='attachment-thumbnail size-thumbnail' alt='' href=''><\/a>\n             <\/dt><\/div><div class=\"modal fade bs-example-modal-lg\" id=\"118892\" tabindex=\"-1\" role=\"dialog\" aria-labelledby=\"myModalLabel\">\n  <div class=\"modal-dialog modal-lg\" role=\"document\">\n    <div class=\"\">\n      <div class=\"modal-body\" style=\"text-align: center;\"><a data-toggle=\"modal\" data-dismiss=\"modal\" data-target=\"#118893\"><i class=\"text-white fa fa-chevron-left fa-4x\"><\/i><\/a><a href='https:\/\/www.mendoza.gov.ar\/prensa\/ambiente-y-nacion-trabajaran-en-la-restauracion-de-los-bosques-nativos\/olympus-digital-camera-13\/'><img width=\"700\" height=\"525\" src=\"https:\/\/www.mendoza.gov.ar\/wp-content\/uploads\/sites\/5\/2017\/12\/ok3-700x525.jpg\" class=\"attachment-large size-large\" alt=\"\" loading=\"lazy\" srcset=\"https:\/\/www.mendoza.gov.ar\/wp-content\/uploads\/sites\/5\/2017\/12\/ok3-700x525.jpg 700w, https:\/\/www.mendoza.gov.ar\/wp-content\/uploads\/sites\/5\/2017\/12\/ok3-250x188.jpg 250w, https:\/\/www.mendoza.gov.ar\/wp-content\/uploads\/sites\/5\/2017\/12\/ok3-768x576.jpg 768w, https:\/\/www.mendoza.gov.ar\/wp-content\/uploads\/sites\/5\/2017\/12\/ok3-120x90.jpg 120w\" sizes=\"(max-width: 700px) 100vw, 700px\" \/><\/a><a data-toggle=\"modal\" data-dismiss=\"modal\" data-target=\"#118891\"><i class=\"text-white fa fa-chevron-right fa-4x\"><\/i><\/a><\/div>\n    <\/div>\n  <\/div>\n<\/div><div class='gallery-item' data-toggle='modal' data-target='#118891' id='r118891'>\n            <dt class='gallery-icon'>\n                <a style='cursor:pointer;'><img width='150' height='150' src='https:\/\/www.mendoza.gov.ar\/wp-content\/uploads\/sites\/5\/2017\/12\/ok2-150x150.jpg' class='attachment-thumbnail size-thumbnail' alt='' href=''><\/a>\n             <\/dt><\/div><div class=\"modal fade bs-example-modal-lg\" id=\"118891\" tabindex=\"-1\" role=\"dialog\" aria-labelledby=\"myModalLabel\">\n  <div class=\"modal-dialog modal-lg\" role=\"document\">\n    <div class=\"\">\n      <div class=\"modal-body\" style=\"text-align: center;\"><a data-toggle=\"modal\" data-dismiss=\"modal\" data-target=\"#118892\"><i class=\"text-white fa fa-chevron-left fa-4x\"><\/i><\/a><a href='https:\/\/www.mendoza.gov.ar\/prensa\/ambiente-y-nacion-trabajaran-en-la-restauracion-de-los-bosques-nativos\/olympus-digital-camera-12\/'><img width=\"700\" height=\"525\" src=\"https:\/\/www.mendoza.gov.ar\/wp-content\/uploads\/sites\/5\/2017\/12\/ok2-700x525.jpg\" class=\"attachment-large size-large\" alt=\"\" loading=\"lazy\" srcset=\"https:\/\/www.mendoza.gov.ar\/wp-content\/uploads\/sites\/5\/2017\/12\/ok2-700x525.jpg 700w, https:\/\/www.mendoza.gov.ar\/wp-content\/uploads\/sites\/5\/2017\/12\/ok2-250x188.jpg 250w, https:\/\/www.mendoza.gov.ar\/wp-content\/uploads\/sites\/5\/2017\/12\/ok2-768x576.jpg 768w, https:\/\/www.mendoza.gov.ar\/wp-content\/uploads\/sites\/5\/2017\/12\/ok2-120x90.jpg 120w\" sizes=\"(max-width: 700px) 100vw, 700px\" \/><\/a><a data-toggle=\"modal\" data-dismiss=\"modal\" data-target=\"#118894\"><i class=\"text-white fa fa-chevron-right fa-4x\"><\/i><\/a><\/div>\n    <\/div>\n  <\/div>\n<\/div>\n            <br style='clear: both;' \/>\n        <\/div>\n\n<\/body><\/html>\n","protected":false},"excerpt":{"rendered":"Se enmarcar&aacute;n en el Programa Nacional de Restauraci&oacute;n de Bosque Nativo Degradado La Secretar&iacute;a de Ambiente y Ordenamiento Territorial firm&oacute; junto con el Ministerio de Ambiente y Desarrollo Sustentable de la Naci&oacute;n una carta de intenci&oacute;n con el fin de coordinar acciones en pos de la reforestaci&oacute;n de los bosques nativos degradados de la provincia&#8230;. <a class=\"view-article\" href=\"https:\/\/www.mendoza.gov.ar\/prensa\/ambiente-y-nacion-trabajaran-en-la-restauracion-de-los-bosques-nativos\/\"><\/a>","protected":false},"author":68,"featured_media":118891,"comment_status":"open","ping_status":"open","sticky":false,"template":"","format":"standard","meta":[],"categories":[3],"tags":[],"_links":{"self":[{"href":"https:\/\/www.mendoza.gov.ar\/prensa\/wp-json\/wp\/v2\/posts\/118890"}],"collection":[{"href":"https:\/\/www.mendoza.gov.ar\/prensa\/wp-json\/wp\/v2\/posts"}],"about":[{"href":"https:\/\/www.mendoza.gov.ar\/prensa\/wp-json\/wp\/v2\/types\/post"}],"author":[{"embeddable":true,"href":"https:\/\/www.mendoza.gov.ar\/prensa\/wp-json\/wp\/v2\/users\/68"}],"replies":[{"embeddable":true,"href":"https:\/\/www.mendoza.gov.ar\/prensa\/wp-json\/wp\/v2\/comments?post=118890"}],"version-history":[{"count":1,"href":"https:\/\/www.mendoza.gov.ar\/prensa\/wp-json\/wp\/v2\/posts\/118890\/revisions"}],"predecessor-version":[{"id":118895,"href":"https:\/\/www.mendoza.gov.ar\/prensa\/wp-json\/wp\/v2\/posts\/118890\/revisions\/118895"}],"wp:featuredmedia":[{"embeddable":true,"href":"https:\/\/www.mendoza.gov.ar\/prensa\/wp-json\/wp\/v2\/media\/118891"}],"wp:attachment":[{"href":"https:\/\/www.mendoza.gov.ar\/prensa\/wp-json\/wp\/v2\/media?parent=118890"}],"wp:term":[{"taxonomy":"category","embeddable":true,"href":"https:\/\/www.mendoza.gov.ar\/prensa\/wp-json\/wp\/v2\/categories?post=118890"},{"taxonomy":"post_tag","embeddable":true,"href":"https:\/\/www.mendoza.gov.ar\/prensa\/wp-json\/wp\/v2\/tags?post=118890"}],"curies":[{"name":"wp","href":"https:\/\/api.w.org\/{rel}","templated":true}]}}