{"id":119393,"date":"2017-12-28T20:47:58","date_gmt":"2017-12-28T23:47:58","guid":{"rendered":"http:\/\/prensa.wp1.mendoza.gov.ar\/?p=119393"},"modified":"2017-12-29T08:53:06","modified_gmt":"2017-12-29T11:53:06","slug":"con-el-control-y-la-transparencia-como-bandera-finalizo-con-exito-la-audiencia-publica-en-malargue","status":"publish","type":"post","link":"https:\/\/www.mendoza.gov.ar\/prensa\/con-el-control-y-la-transparencia-como-bandera-finalizo-con-exito-la-audiencia-publica-en-malargue\/","title":{"rendered":"Con el control y la transparencia como bandera, finaliz\u00f3 con \u00e9xito la Audiencia P\u00fablica en Malarg\u00fce"},"content":{"rendered":"<!DOCTYPE html PUBLIC \"-\/\/W3C\/\/DTD HTML 4.0 Transitional\/\/EN\" \"http:\/\/www.w3.org\/TR\/REC-html40\/loose.dtd\">\n<html><body><p><em>M&aacute;s de 450 personas participaron en la audiencia p&uacute;blica por el proyecto de decreto de reglamentaci&oacute;n de la evaluaci&oacute;n de impacto ambiental para la exploraci&oacute;n de hidrocarburos no convencionales.&nbsp;<\/em><\/p>\n<p>La Secretar&iacute;a de Ambiente y Ordenamiento Territorial junto a la Subsecretar&iacute;a de Energ&iacute;a y Miner&iacute;a realizaron en el departamento de Malarg&uuml;e la audiencia p&uacute;blica del proyecto de decreto de reglamentaci&oacute;n de la evaluaci&oacute;n de impacto ambiental para la exploraci&oacute;n de hidrocarburos no convencionales. Ciudadanos se presentaron en el auditorio Thesaurus para escuchar y manifestar su opini&oacute;n al respecto.<\/p>\n<p>Luego de una presentaci&oacute;n explicativa del proyecto por parte del secretario de Ambiente y Ordenamiento Territorial, Humberto Mingorance; la directora de Protecci&oacute;n Ambiental, Miriam Skalany, y el subsecretario de Energ&iacute;a y Miner&iacute;a, Emilio Gui&ntilde;az&uacute; Fader, se dio lugar a un espacio de opini&oacute;n para que todos aquellos que se hab&iacute;an inscrito como oradores expresaran sus ideas con respecto al Decreto de Reglamentaci&oacute;n.<\/p>\n<p>Mingorance expres&oacute;, luego de un video que dio cuenta de los detalles t&eacute;cnicos de la actividad, que &ldquo;la Secretar&iacute;a de Ambiente y Ordenamiento Territorial priorizar&aacute; el control sobre los procedimientos, acciones y proyectos que las distintas empresas realicen con respecto a la explotaci&oacute;n de petr&oacute;leo no convencional&rdquo;. Adem&aacute;s, aclar&oacute; que &ldquo;esta audiencia p&uacute;blica aportar&aacute; transparencia a los procesos relacionado con este decreto, gracias a la participaci&oacute;n que se le permiti&oacute; a la ciudadan&iacute;a&rdquo;.<\/p>\n<p>A los expositores del proyecto se les concedieron diez minutos a cada uno para hablar, mientras que los oradores tuvieron dos minutos para expresarse. Brindaron su opini&oacute;n personas de distintos sectores, como los sindicatos de la industria petrolera, comunidades de pueblos originarios, ambientalistas, t&eacute;cnicos, abogados, ge&oacute;logos, soci&oacute;logos, empresas de la actividad, vecinos de Malarg&uuml;e y pol&iacute;ticos, entre otros.<\/p>\n\n        <style type='text\/css'>\n            #gallery-1 {\n                margin: auto;\n            }\n            #gallery-1 .gallery-item {\n                float: left;\n                margin-top: 10px;\n\n                width: auto;}\n            #gallery-1 img {\n                border: 0px none;\n            }\n            #gallery-1 .gallery-caption {\n                margin-left: 0;\n            }\n        <\/style>\n<script>\njQuery(document).ready(function($) {\n  jQuery('div.gallery-item').hover(function(){\n     \/\/jQuery(this).fadeIn().siblings(':not(.modal)').fadeTo( 'slow' , 0.2);\n     jQuery(this).siblings(':not(.modal)').fadeTo( 'fast' , 0.2);\n     jQuery(this).fadeTo( 'slow' , 1);\n  },function(){\n     \/\/$(this).siblings().andSelf().fadeTo( 'slow' , 1);\n  });\n  jQuery('#gallery-1').on('mouseleave',function(){\n    jQuery('div.gallery-item').fadeTo( 'fast' , 1);\n  })\n});\n<\/script>\n        <!-- see gallery_shortcode() in wp-includes\/media.php -->\n        <h3>GALERIA<\/h3>\n        <div id='gallery-1' class='gallery galleryid-119393'><div class='gallery-item' data-toggle='modal' data-target='#119397' id='r119397'>\n            <dt class='gallery-icon'>\n                <a style='cursor:pointer;'><img width='150' height='150' src='https:\/\/www.mendoza.gov.ar\/wp-content\/uploads\/sites\/5\/2017\/12\/WhatsApp-Image-2017-12-28-at-16.45.36-1-150x150.jpeg' class='attachment-thumbnail size-thumbnail' alt='' href=''><\/a>\n             <\/dt><\/div><div class=\"modal fade bs-example-modal-lg\" id=\"119397\" tabindex=\"-1\" role=\"dialog\" aria-labelledby=\"myModalLabel\">\n  <div class=\"modal-dialog modal-lg\" role=\"document\">\n    <div class=\"\">\n      <div class=\"modal-body\" style=\"text-align: center;\"><a href='https:\/\/www.mendoza.gov.ar\/prensa\/con-el-control-y-la-transparencia-como-bandera-finalizo-con-exito-la-audiencia-publica-en-malargue\/whatsapp-image-2017-12-28-at-16-45-36-1\/'><img width=\"700\" height=\"524\" src=\"https:\/\/www.mendoza.gov.ar\/wp-content\/uploads\/sites\/5\/2017\/12\/WhatsApp-Image-2017-12-28-at-16.45.36-1-700x524.jpeg\" class=\"attachment-large size-large\" alt=\"\" loading=\"lazy\" srcset=\"https:\/\/www.mendoza.gov.ar\/wp-content\/uploads\/sites\/5\/2017\/12\/WhatsApp-Image-2017-12-28-at-16.45.36-1-700x524.jpeg 700w, https:\/\/www.mendoza.gov.ar\/wp-content\/uploads\/sites\/5\/2017\/12\/WhatsApp-Image-2017-12-28-at-16.45.36-1-250x187.jpeg 250w, https:\/\/www.mendoza.gov.ar\/wp-content\/uploads\/sites\/5\/2017\/12\/WhatsApp-Image-2017-12-28-at-16.45.36-1-768x575.jpeg 768w, https:\/\/www.mendoza.gov.ar\/wp-content\/uploads\/sites\/5\/2017\/12\/WhatsApp-Image-2017-12-28-at-16.45.36-1-120x90.jpeg 120w, https:\/\/www.mendoza.gov.ar\/wp-content\/uploads\/sites\/5\/2017\/12\/WhatsApp-Image-2017-12-28-at-16.45.36-1.jpeg 1280w\" sizes=\"(max-width: 700px) 100vw, 700px\" \/><\/a><a data-toggle=\"modal\" data-dismiss=\"modal\" data-target=\"#119398\"><i class=\"text-white fa fa-chevron-right fa-4x\"><\/i><\/a><\/div>\n    <\/div>\n  <\/div>\n<\/div><div class='gallery-item' data-toggle='modal' data-target='#119398' id='r119398'>\n            <dt class='gallery-icon'>\n                <a style='cursor:pointer;'><img width='150' height='150' src='https:\/\/www.mendoza.gov.ar\/wp-content\/uploads\/sites\/5\/2017\/12\/WhatsApp-Image-2017-12-28-at-16.45.36-2-150x150.jpeg' class='attachment-thumbnail size-thumbnail' alt='' href=''><\/a>\n             <\/dt><\/div><div class=\"modal fade bs-example-modal-lg\" id=\"119398\" tabindex=\"-1\" role=\"dialog\" aria-labelledby=\"myModalLabel\">\n  <div class=\"modal-dialog modal-lg\" role=\"document\">\n    <div class=\"\">\n      <div class=\"modal-body\" style=\"text-align: center;\"><a data-toggle=\"modal\" data-dismiss=\"modal\" data-target=\"#119397\"><i class=\"text-white fa fa-chevron-left fa-4x\"><\/i><\/a><a href='https:\/\/www.mendoza.gov.ar\/prensa\/con-el-control-y-la-transparencia-como-bandera-finalizo-con-exito-la-audiencia-publica-en-malargue\/whatsapp-image-2017-12-28-at-16-45-36-2\/'><img width=\"700\" height=\"524\" src=\"https:\/\/www.mendoza.gov.ar\/wp-content\/uploads\/sites\/5\/2017\/12\/WhatsApp-Image-2017-12-28-at-16.45.36-2-700x524.jpeg\" class=\"attachment-large size-large\" alt=\"\" loading=\"lazy\" srcset=\"https:\/\/www.mendoza.gov.ar\/wp-content\/uploads\/sites\/5\/2017\/12\/WhatsApp-Image-2017-12-28-at-16.45.36-2-700x524.jpeg 700w, https:\/\/www.mendoza.gov.ar\/wp-content\/uploads\/sites\/5\/2017\/12\/WhatsApp-Image-2017-12-28-at-16.45.36-2-250x187.jpeg 250w, https:\/\/www.mendoza.gov.ar\/wp-content\/uploads\/sites\/5\/2017\/12\/WhatsApp-Image-2017-12-28-at-16.45.36-2-768x575.jpeg 768w, https:\/\/www.mendoza.gov.ar\/wp-content\/uploads\/sites\/5\/2017\/12\/WhatsApp-Image-2017-12-28-at-16.45.36-2-120x90.jpeg 120w, https:\/\/www.mendoza.gov.ar\/wp-content\/uploads\/sites\/5\/2017\/12\/WhatsApp-Image-2017-12-28-at-16.45.36-2.jpeg 1280w\" sizes=\"(max-width: 700px) 100vw, 700px\" \/><\/a><a data-toggle=\"modal\" data-dismiss=\"modal\" data-target=\"#119399\"><i class=\"text-white fa fa-chevron-right fa-4x\"><\/i><\/a><\/div>\n    <\/div>\n  <\/div>\n<\/div><div class='gallery-item' data-toggle='modal' data-target='#119399' id='r119399'>\n            <dt class='gallery-icon'>\n                <a style='cursor:pointer;'><img width='150' height='150' src='https:\/\/www.mendoza.gov.ar\/wp-content\/uploads\/sites\/5\/2017\/12\/WhatsApp-Image-2017-12-28-at-16.45.36-3-150x150.jpeg' class='attachment-thumbnail size-thumbnail' alt='' href=''><\/a>\n             <\/dt><\/div><div class=\"modal fade bs-example-modal-lg\" id=\"119399\" tabindex=\"-1\" role=\"dialog\" aria-labelledby=\"myModalLabel\">\n  <div class=\"modal-dialog modal-lg\" role=\"document\">\n    <div class=\"\">\n      <div class=\"modal-body\" style=\"text-align: center;\"><a data-toggle=\"modal\" data-dismiss=\"modal\" data-target=\"#119398\"><i class=\"text-white fa fa-chevron-left fa-4x\"><\/i><\/a><a href='https:\/\/www.mendoza.gov.ar\/prensa\/con-el-control-y-la-transparencia-como-bandera-finalizo-con-exito-la-audiencia-publica-en-malargue\/whatsapp-image-2017-12-28-at-16-45-36-3\/'><img width=\"700\" height=\"524\" src=\"https:\/\/www.mendoza.gov.ar\/wp-content\/uploads\/sites\/5\/2017\/12\/WhatsApp-Image-2017-12-28-at-16.45.36-3-700x524.jpeg\" class=\"attachment-large size-large\" alt=\"\" loading=\"lazy\" srcset=\"https:\/\/www.mendoza.gov.ar\/wp-content\/uploads\/sites\/5\/2017\/12\/WhatsApp-Image-2017-12-28-at-16.45.36-3-700x524.jpeg 700w, https:\/\/www.mendoza.gov.ar\/wp-content\/uploads\/sites\/5\/2017\/12\/WhatsApp-Image-2017-12-28-at-16.45.36-3-250x187.jpeg 250w, https:\/\/www.mendoza.gov.ar\/wp-content\/uploads\/sites\/5\/2017\/12\/WhatsApp-Image-2017-12-28-at-16.45.36-3-768x575.jpeg 768w, https:\/\/www.mendoza.gov.ar\/wp-content\/uploads\/sites\/5\/2017\/12\/WhatsApp-Image-2017-12-28-at-16.45.36-3-120x90.jpeg 120w, https:\/\/www.mendoza.gov.ar\/wp-content\/uploads\/sites\/5\/2017\/12\/WhatsApp-Image-2017-12-28-at-16.45.36-3.jpeg 1280w\" sizes=\"(max-width: 700px) 100vw, 700px\" \/><\/a><a data-toggle=\"modal\" data-dismiss=\"modal\" data-target=\"#119400\"><i class=\"text-white fa fa-chevron-right fa-4x\"><\/i><\/a><\/div>\n    <\/div>\n  <\/div>\n<\/div><div class='gallery-item' data-toggle='modal' data-target='#119400' id='r119400'>\n            <dt class='gallery-icon'>\n                <a style='cursor:pointer;'><img width='150' height='150' src='https:\/\/www.mendoza.gov.ar\/wp-content\/uploads\/sites\/5\/2017\/12\/WhatsApp-Image-2017-12-28-at-16.45.36-4-150x150.jpeg' class='attachment-thumbnail size-thumbnail' alt='' href=''><\/a>\n             <\/dt><\/div><div class=\"modal fade bs-example-modal-lg\" id=\"119400\" tabindex=\"-1\" role=\"dialog\" aria-labelledby=\"myModalLabel\">\n  <div class=\"modal-dialog modal-lg\" role=\"document\">\n    <div class=\"\">\n      <div class=\"modal-body\" style=\"text-align: center;\"><a data-toggle=\"modal\" data-dismiss=\"modal\" data-target=\"#119399\"><i class=\"text-white fa fa-chevron-left fa-4x\"><\/i><\/a><a href='https:\/\/www.mendoza.gov.ar\/prensa\/con-el-control-y-la-transparencia-como-bandera-finalizo-con-exito-la-audiencia-publica-en-malargue\/whatsapp-image-2017-12-28-at-16-45-36-4\/'><img width=\"700\" height=\"524\" src=\"https:\/\/www.mendoza.gov.ar\/wp-content\/uploads\/sites\/5\/2017\/12\/WhatsApp-Image-2017-12-28-at-16.45.36-4-700x524.jpeg\" class=\"attachment-large size-large\" alt=\"\" loading=\"lazy\" srcset=\"https:\/\/www.mendoza.gov.ar\/wp-content\/uploads\/sites\/5\/2017\/12\/WhatsApp-Image-2017-12-28-at-16.45.36-4-700x524.jpeg 700w, https:\/\/www.mendoza.gov.ar\/wp-content\/uploads\/sites\/5\/2017\/12\/WhatsApp-Image-2017-12-28-at-16.45.36-4-250x187.jpeg 250w, https:\/\/www.mendoza.gov.ar\/wp-content\/uploads\/sites\/5\/2017\/12\/WhatsApp-Image-2017-12-28-at-16.45.36-4-768x575.jpeg 768w, https:\/\/www.mendoza.gov.ar\/wp-content\/uploads\/sites\/5\/2017\/12\/WhatsApp-Image-2017-12-28-at-16.45.36-4-120x90.jpeg 120w, https:\/\/www.mendoza.gov.ar\/wp-content\/uploads\/sites\/5\/2017\/12\/WhatsApp-Image-2017-12-28-at-16.45.36-4.jpeg 1280w\" sizes=\"(max-width: 700px) 100vw, 700px\" \/><\/a><a data-toggle=\"modal\" data-dismiss=\"modal\" data-target=\"#119401\"><i class=\"text-white fa fa-chevron-right fa-4x\"><\/i><\/a><\/div>\n    <\/div>\n  <\/div>\n<\/div><div class='gallery-item' data-toggle='modal' data-target='#119401' id='r119401'>\n            <dt class='gallery-icon'>\n                <a style='cursor:pointer;'><img width='150' height='150' src='https:\/\/www.mendoza.gov.ar\/wp-content\/uploads\/sites\/5\/2017\/12\/WhatsApp-Image-2017-12-28-at-16.45.36-5-150x150.jpeg' class='attachment-thumbnail size-thumbnail' alt='' href=''><\/a>\n             <\/dt><\/div><div class=\"modal fade bs-example-modal-lg\" id=\"119401\" tabindex=\"-1\" role=\"dialog\" aria-labelledby=\"myModalLabel\">\n  <div class=\"modal-dialog modal-lg\" role=\"document\">\n    <div class=\"\">\n      <div class=\"modal-body\" style=\"text-align: center;\"><a data-toggle=\"modal\" data-dismiss=\"modal\" data-target=\"#119400\"><i class=\"text-white fa fa-chevron-left fa-4x\"><\/i><\/a><a href='https:\/\/www.mendoza.gov.ar\/prensa\/con-el-control-y-la-transparencia-como-bandera-finalizo-con-exito-la-audiencia-publica-en-malargue\/whatsapp-image-2017-12-28-at-16-45-36-5\/'><img width=\"700\" height=\"524\" src=\"https:\/\/www.mendoza.gov.ar\/wp-content\/uploads\/sites\/5\/2017\/12\/WhatsApp-Image-2017-12-28-at-16.45.36-5-700x524.jpeg\" class=\"attachment-large size-large\" alt=\"\" loading=\"lazy\" srcset=\"https:\/\/www.mendoza.gov.ar\/wp-content\/uploads\/sites\/5\/2017\/12\/WhatsApp-Image-2017-12-28-at-16.45.36-5-700x524.jpeg 700w, https:\/\/www.mendoza.gov.ar\/wp-content\/uploads\/sites\/5\/2017\/12\/WhatsApp-Image-2017-12-28-at-16.45.36-5-250x187.jpeg 250w, https:\/\/www.mendoza.gov.ar\/wp-content\/uploads\/sites\/5\/2017\/12\/WhatsApp-Image-2017-12-28-at-16.45.36-5-768x575.jpeg 768w, https:\/\/www.mendoza.gov.ar\/wp-content\/uploads\/sites\/5\/2017\/12\/WhatsApp-Image-2017-12-28-at-16.45.36-5-120x90.jpeg 120w, https:\/\/www.mendoza.gov.ar\/wp-content\/uploads\/sites\/5\/2017\/12\/WhatsApp-Image-2017-12-28-at-16.45.36-5.jpeg 1280w\" sizes=\"(max-width: 700px) 100vw, 700px\" \/><\/a><a data-toggle=\"modal\" data-dismiss=\"modal\" data-target=\"#119402\"><i class=\"text-white fa fa-chevron-right fa-4x\"><\/i><\/a><\/div>\n    <\/div>\n  <\/div>\n<\/div><div class='gallery-item' data-toggle='modal' data-target='#119402' id='r119402'>\n            <dt class='gallery-icon'>\n                <a style='cursor:pointer;'><img width='150' height='150' src='https:\/\/www.mendoza.gov.ar\/wp-content\/uploads\/sites\/5\/2017\/12\/WhatsApp-Image-2017-12-28-at-16.45.36-6-150x150.jpeg' class='attachment-thumbnail size-thumbnail' alt='' href=''><\/a>\n             <\/dt><\/div><div class=\"modal fade bs-example-modal-lg\" id=\"119402\" tabindex=\"-1\" role=\"dialog\" aria-labelledby=\"myModalLabel\">\n  <div class=\"modal-dialog modal-lg\" role=\"document\">\n    <div class=\"\">\n      <div class=\"modal-body\" style=\"text-align: center;\"><a data-toggle=\"modal\" data-dismiss=\"modal\" data-target=\"#119401\"><i class=\"text-white fa fa-chevron-left fa-4x\"><\/i><\/a><a href='https:\/\/www.mendoza.gov.ar\/prensa\/con-el-control-y-la-transparencia-como-bandera-finalizo-con-exito-la-audiencia-publica-en-malargue\/whatsapp-image-2017-12-28-at-16-45-36-6\/'><img width=\"700\" height=\"524\" src=\"https:\/\/www.mendoza.gov.ar\/wp-content\/uploads\/sites\/5\/2017\/12\/WhatsApp-Image-2017-12-28-at-16.45.36-6-700x524.jpeg\" class=\"attachment-large size-large\" alt=\"\" loading=\"lazy\" srcset=\"https:\/\/www.mendoza.gov.ar\/wp-content\/uploads\/sites\/5\/2017\/12\/WhatsApp-Image-2017-12-28-at-16.45.36-6-700x524.jpeg 700w, https:\/\/www.mendoza.gov.ar\/wp-content\/uploads\/sites\/5\/2017\/12\/WhatsApp-Image-2017-12-28-at-16.45.36-6-250x187.jpeg 250w, https:\/\/www.mendoza.gov.ar\/wp-content\/uploads\/sites\/5\/2017\/12\/WhatsApp-Image-2017-12-28-at-16.45.36-6-768x575.jpeg 768w, https:\/\/www.mendoza.gov.ar\/wp-content\/uploads\/sites\/5\/2017\/12\/WhatsApp-Image-2017-12-28-at-16.45.36-6-120x90.jpeg 120w, https:\/\/www.mendoza.gov.ar\/wp-content\/uploads\/sites\/5\/2017\/12\/WhatsApp-Image-2017-12-28-at-16.45.36-6.jpeg 1280w\" sizes=\"(max-width: 700px) 100vw, 700px\" \/><\/a><a data-toggle=\"modal\" data-dismiss=\"modal\" data-target=\"#119403\"><i class=\"text-white fa fa-chevron-right fa-4x\"><\/i><\/a><\/div>\n    <\/div>\n  <\/div>\n<\/div><div class='gallery-item' data-toggle='modal' data-target='#119403' id='r119403'>\n            <dt class='gallery-icon'>\n                <a style='cursor:pointer;'><img width='150' height='150' src='https:\/\/www.mendoza.gov.ar\/wp-content\/uploads\/sites\/5\/2017\/12\/WhatsApp-Image-2017-12-28-at-16.45.36-7-150x150.jpeg' class='attachment-thumbnail size-thumbnail' alt='' href=''><\/a>\n             <\/dt><\/div><div class=\"modal fade bs-example-modal-lg\" id=\"119403\" tabindex=\"-1\" role=\"dialog\" aria-labelledby=\"myModalLabel\">\n  <div class=\"modal-dialog modal-lg\" role=\"document\">\n    <div class=\"\">\n      <div class=\"modal-body\" style=\"text-align: center;\"><a data-toggle=\"modal\" data-dismiss=\"modal\" data-target=\"#119402\"><i class=\"text-white fa fa-chevron-left fa-4x\"><\/i><\/a><a href='https:\/\/www.mendoza.gov.ar\/prensa\/con-el-control-y-la-transparencia-como-bandera-finalizo-con-exito-la-audiencia-publica-en-malargue\/whatsapp-image-2017-12-28-at-16-45-36-7\/'><img width=\"700\" height=\"524\" src=\"https:\/\/www.mendoza.gov.ar\/wp-content\/uploads\/sites\/5\/2017\/12\/WhatsApp-Image-2017-12-28-at-16.45.36-7-700x524.jpeg\" class=\"attachment-large size-large\" alt=\"\" loading=\"lazy\" srcset=\"https:\/\/www.mendoza.gov.ar\/wp-content\/uploads\/sites\/5\/2017\/12\/WhatsApp-Image-2017-12-28-at-16.45.36-7-700x524.jpeg 700w, https:\/\/www.mendoza.gov.ar\/wp-content\/uploads\/sites\/5\/2017\/12\/WhatsApp-Image-2017-12-28-at-16.45.36-7-250x187.jpeg 250w, https:\/\/www.mendoza.gov.ar\/wp-content\/uploads\/sites\/5\/2017\/12\/WhatsApp-Image-2017-12-28-at-16.45.36-7-768x575.jpeg 768w, https:\/\/www.mendoza.gov.ar\/wp-content\/uploads\/sites\/5\/2017\/12\/WhatsApp-Image-2017-12-28-at-16.45.36-7-120x90.jpeg 120w, https:\/\/www.mendoza.gov.ar\/wp-content\/uploads\/sites\/5\/2017\/12\/WhatsApp-Image-2017-12-28-at-16.45.36-7.jpeg 1280w\" sizes=\"(max-width: 700px) 100vw, 700px\" \/><\/a><a data-toggle=\"modal\" data-dismiss=\"modal\" data-target=\"#119404\"><i class=\"text-white fa fa-chevron-right fa-4x\"><\/i><\/a><\/div>\n    <\/div>\n  <\/div>\n<\/div><div class='gallery-item' data-toggle='modal' data-target='#119404' id='r119404'>\n            <dt class='gallery-icon'>\n                <a style='cursor:pointer;'><img width='150' height='150' src='https:\/\/www.mendoza.gov.ar\/wp-content\/uploads\/sites\/5\/2017\/12\/WhatsApp-Image-2017-12-28-at-16.45.36-8-150x150.jpeg' class='attachment-thumbnail size-thumbnail' alt='' href=''><\/a>\n             <\/dt><\/div><div class=\"modal fade bs-example-modal-lg\" id=\"119404\" tabindex=\"-1\" role=\"dialog\" aria-labelledby=\"myModalLabel\">\n  <div class=\"modal-dialog modal-lg\" role=\"document\">\n    <div class=\"\">\n      <div class=\"modal-body\" style=\"text-align: center;\"><a data-toggle=\"modal\" data-dismiss=\"modal\" data-target=\"#119403\"><i class=\"text-white fa fa-chevron-left fa-4x\"><\/i><\/a><a href='https:\/\/www.mendoza.gov.ar\/prensa\/con-el-control-y-la-transparencia-como-bandera-finalizo-con-exito-la-audiencia-publica-en-malargue\/whatsapp-image-2017-12-28-at-16-45-36-8\/'><img width=\"700\" height=\"524\" src=\"https:\/\/www.mendoza.gov.ar\/wp-content\/uploads\/sites\/5\/2017\/12\/WhatsApp-Image-2017-12-28-at-16.45.36-8-700x524.jpeg\" class=\"attachment-large size-large\" alt=\"\" loading=\"lazy\" srcset=\"https:\/\/www.mendoza.gov.ar\/wp-content\/uploads\/sites\/5\/2017\/12\/WhatsApp-Image-2017-12-28-at-16.45.36-8-700x524.jpeg 700w, https:\/\/www.mendoza.gov.ar\/wp-content\/uploads\/sites\/5\/2017\/12\/WhatsApp-Image-2017-12-28-at-16.45.36-8-250x187.jpeg 250w, https:\/\/www.mendoza.gov.ar\/wp-content\/uploads\/sites\/5\/2017\/12\/WhatsApp-Image-2017-12-28-at-16.45.36-8-768x575.jpeg 768w, https:\/\/www.mendoza.gov.ar\/wp-content\/uploads\/sites\/5\/2017\/12\/WhatsApp-Image-2017-12-28-at-16.45.36-8-120x90.jpeg 120w, https:\/\/www.mendoza.gov.ar\/wp-content\/uploads\/sites\/5\/2017\/12\/WhatsApp-Image-2017-12-28-at-16.45.36-8.jpeg 1280w\" sizes=\"(max-width: 700px) 100vw, 700px\" \/><\/a><a data-toggle=\"modal\" data-dismiss=\"modal\" data-target=\"#119405\"><i class=\"text-white fa fa-chevron-right fa-4x\"><\/i><\/a><\/div>\n    <\/div>\n  <\/div>\n<\/div><div class='gallery-item' data-toggle='modal' data-target='#119405' id='r119405'>\n            <dt class='gallery-icon'>\n                <a style='cursor:pointer;'><img width='150' height='150' src='https:\/\/www.mendoza.gov.ar\/wp-content\/uploads\/sites\/5\/2017\/12\/WhatsApp-Image-2017-12-28-at-16.45.36-9-150x150.jpeg' class='attachment-thumbnail size-thumbnail' alt='' href=''><\/a>\n             <\/dt><\/div><div class=\"modal fade bs-example-modal-lg\" id=\"119405\" tabindex=\"-1\" role=\"dialog\" aria-labelledby=\"myModalLabel\">\n  <div class=\"modal-dialog modal-lg\" role=\"document\">\n    <div class=\"\">\n      <div class=\"modal-body\" style=\"text-align: center;\"><a data-toggle=\"modal\" data-dismiss=\"modal\" data-target=\"#119404\"><i class=\"text-white fa fa-chevron-left fa-4x\"><\/i><\/a><a href='https:\/\/www.mendoza.gov.ar\/prensa\/con-el-control-y-la-transparencia-como-bandera-finalizo-con-exito-la-audiencia-publica-en-malargue\/whatsapp-image-2017-12-28-at-16-45-36-9\/'><img width=\"700\" height=\"524\" src=\"https:\/\/www.mendoza.gov.ar\/wp-content\/uploads\/sites\/5\/2017\/12\/WhatsApp-Image-2017-12-28-at-16.45.36-9-700x524.jpeg\" class=\"attachment-large size-large\" alt=\"\" loading=\"lazy\" srcset=\"https:\/\/www.mendoza.gov.ar\/wp-content\/uploads\/sites\/5\/2017\/12\/WhatsApp-Image-2017-12-28-at-16.45.36-9-700x524.jpeg 700w, https:\/\/www.mendoza.gov.ar\/wp-content\/uploads\/sites\/5\/2017\/12\/WhatsApp-Image-2017-12-28-at-16.45.36-9-250x187.jpeg 250w, https:\/\/www.mendoza.gov.ar\/wp-content\/uploads\/sites\/5\/2017\/12\/WhatsApp-Image-2017-12-28-at-16.45.36-9-768x575.jpeg 768w, https:\/\/www.mendoza.gov.ar\/wp-content\/uploads\/sites\/5\/2017\/12\/WhatsApp-Image-2017-12-28-at-16.45.36-9-120x90.jpeg 120w, https:\/\/www.mendoza.gov.ar\/wp-content\/uploads\/sites\/5\/2017\/12\/WhatsApp-Image-2017-12-28-at-16.45.36-9.jpeg 1280w\" sizes=\"(max-width: 700px) 100vw, 700px\" \/><\/a><a data-toggle=\"modal\" data-dismiss=\"modal\" data-target=\"#119406\"><i class=\"text-white fa fa-chevron-right fa-4x\"><\/i><\/a><\/div>\n    <\/div>\n  <\/div>\n<\/div><div class='gallery-item' data-toggle='modal' data-target='#119406' id='r119406'>\n            <dt class='gallery-icon'>\n                <a style='cursor:pointer;'><img width='150' height='150' src='https:\/\/www.mendoza.gov.ar\/wp-content\/uploads\/sites\/5\/2017\/12\/WhatsApp-Image-2017-12-28-at-16.45.36-150x150.jpeg' class='attachment-thumbnail size-thumbnail' alt='' href=''><\/a>\n             <\/dt><\/div><div class=\"modal fade bs-example-modal-lg\" id=\"119406\" tabindex=\"-1\" role=\"dialog\" aria-labelledby=\"myModalLabel\">\n  <div class=\"modal-dialog modal-lg\" role=\"document\">\n    <div class=\"\">\n      <div class=\"modal-body\" style=\"text-align: center;\"><a data-toggle=\"modal\" data-dismiss=\"modal\" data-target=\"#119405\"><i class=\"text-white fa fa-chevron-left fa-4x\"><\/i><\/a><a href='https:\/\/www.mendoza.gov.ar\/prensa\/con-el-control-y-la-transparencia-como-bandera-finalizo-con-exito-la-audiencia-publica-en-malargue\/whatsapp-image-2017-12-28-at-16-45-36\/'><img width=\"700\" height=\"524\" src=\"https:\/\/www.mendoza.gov.ar\/wp-content\/uploads\/sites\/5\/2017\/12\/WhatsApp-Image-2017-12-28-at-16.45.36-700x524.jpeg\" class=\"attachment-large size-large\" alt=\"\" loading=\"lazy\" srcset=\"https:\/\/www.mendoza.gov.ar\/wp-content\/uploads\/sites\/5\/2017\/12\/WhatsApp-Image-2017-12-28-at-16.45.36-700x524.jpeg 700w, https:\/\/www.mendoza.gov.ar\/wp-content\/uploads\/sites\/5\/2017\/12\/WhatsApp-Image-2017-12-28-at-16.45.36-250x187.jpeg 250w, https:\/\/www.mendoza.gov.ar\/wp-content\/uploads\/sites\/5\/2017\/12\/WhatsApp-Image-2017-12-28-at-16.45.36-768x575.jpeg 768w, https:\/\/www.mendoza.gov.ar\/wp-content\/uploads\/sites\/5\/2017\/12\/WhatsApp-Image-2017-12-28-at-16.45.36-120x90.jpeg 120w, https:\/\/www.mendoza.gov.ar\/wp-content\/uploads\/sites\/5\/2017\/12\/WhatsApp-Image-2017-12-28-at-16.45.36.jpeg 1280w\" sizes=\"(max-width: 700px) 100vw, 700px\" \/><\/a><a data-toggle=\"modal\" data-dismiss=\"modal\" data-target=\"#119397\"><i class=\"text-white fa fa-chevron-right fa-4x\"><\/i><\/a><\/div>\n    <\/div>\n  <\/div>\n<\/div>\n            <br style='clear: both;' \/>\n        <\/div>\n\n<\/body><\/html>\n","protected":false},"excerpt":{"rendered":"M&aacute;s de 450 personas participaron en la audiencia p&uacute;blica por el proyecto de decreto de reglamentaci&oacute;n de la evaluaci&oacute;n de impacto ambiental para la exploraci&oacute;n de hidrocarburos no convencionales.&nbsp; La Secretar&iacute;a de Ambiente y Ordenamiento Territorial junto a la Subsecretar&iacute;a de Energ&iacute;a y Miner&iacute;a realizaron en el departamento de Malarg&uuml;e la audiencia p&uacute;blica del proyecto&#8230; <a class=\"view-article\" href=\"https:\/\/www.mendoza.gov.ar\/prensa\/con-el-control-y-la-transparencia-como-bandera-finalizo-con-exito-la-audiencia-publica-en-malargue\/\"><\/a>","protected":false},"author":76,"featured_media":119399,"comment_status":"open","ping_status":"open","sticky":false,"template":"","format":"standard","meta":[],"categories":[3],"tags":[],"_links":{"self":[{"href":"https:\/\/www.mendoza.gov.ar\/prensa\/wp-json\/wp\/v2\/posts\/119393"}],"collection":[{"href":"https:\/\/www.mendoza.gov.ar\/prensa\/wp-json\/wp\/v2\/posts"}],"about":[{"href":"https:\/\/www.mendoza.gov.ar\/prensa\/wp-json\/wp\/v2\/types\/post"}],"author":[{"embeddable":true,"href":"https:\/\/www.mendoza.gov.ar\/prensa\/wp-json\/wp\/v2\/users\/76"}],"replies":[{"embeddable":true,"href":"https:\/\/www.mendoza.gov.ar\/prensa\/wp-json\/wp\/v2\/comments?post=119393"}],"version-history":[{"count":6,"href":"https:\/\/www.mendoza.gov.ar\/prensa\/wp-json\/wp\/v2\/posts\/119393\/revisions"}],"predecessor-version":[{"id":119422,"href":"https:\/\/www.mendoza.gov.ar\/prensa\/wp-json\/wp\/v2\/posts\/119393\/revisions\/119422"}],"wp:featuredmedia":[{"embeddable":true,"href":"https:\/\/www.mendoza.gov.ar\/prensa\/wp-json\/wp\/v2\/media\/119399"}],"wp:attachment":[{"href":"https:\/\/www.mendoza.gov.ar\/prensa\/wp-json\/wp\/v2\/media?parent=119393"}],"wp:term":[{"taxonomy":"category","embeddable":true,"href":"https:\/\/www.mendoza.gov.ar\/prensa\/wp-json\/wp\/v2\/categories?post=119393"},{"taxonomy":"post_tag","embeddable":true,"href":"https:\/\/www.mendoza.gov.ar\/prensa\/wp-json\/wp\/v2\/tags?post=119393"}],"curies":[{"name":"wp","href":"https:\/\/api.w.org\/{rel}","templated":true}]}}