{"id":12021,"date":"2012-01-04T00:00:00","date_gmt":"2012-01-04T00:00:00","guid":{"rendered":"http:\/\/prensa.wp2.mendoza.gov.ar\/?p=12021"},"modified":"2012-01-04T00:00:00","modified_gmt":"2012-01-04T00:00:00","slug":"perez-nego-que-haya-un-proyecto-alternativo-de-avaluo-e-impositiva","status":"publish","type":"post","link":"https:\/\/www.mendoza.gov.ar\/prensa\/perez-nego-que-haya-un-proyecto-alternativo-de-avaluo-e-impositiva\/","title":{"rendered":"P\u00e9rez neg\u00f3 que haya un proyecto alternativo de Aval\u00fao e Impositiva"},"content":{"rendered":"<!DOCTYPE html PUBLIC \"-\/\/W3C\/\/DTD HTML 4.0 Transitional\/\/EN\" \"http:\/\/www.w3.org\/TR\/REC-html40\/loose.dtd\">\n<html><body><p>El gobernador de la Provincia, Francisco P&eacute;rez, neg&oacute; que exista un proyecto alternativo respecto del Aval&uacute;o y la Ley Impositiva, al tiempo que ratific&oacute; que el endeudamiento ser&aacute; destinado a obras p&uacute;blicas y bienes de capital, es decir, inversi&oacute;n, y no a gastos corrientes. A&ntilde;adi&oacute; que hay gente que se alarma porque no conoce realmente el proyecto impositivo, en el cual se terminan una serie de privilegios.<\/p>\n<p>El mandatario formul&oacute; declaraciones durante una conferencia de prensa esta ma&ntilde;ana en Casa de Gobierno. Explic&oacute; que ayer estuvo trabajando junto con subsecretario de Financiamiento, Pablo Frigol&eacute;, y al vicegobernador, Carlos Ciurca, en varios &iacute;tems respecto de la Ley de Presupuesto y neg&oacute; que respecto del Aval&uacute;o y de la norma Impositiva, exista alg&uacute;n proyecto alternativo, ni otras cuestiones de origen pol&iacute;tico como las que se manifiestan en algunos medios de comunicaci&oacute;n.<\/p>\n<p>&ldquo;Hay cuestiones que son obvias, por ejemplo, Impositiva graba la actividad primaria de la producci&oacute;n, entonces si se sugiere no grabar ese t&oacute;pico, es una obviedad. Y as&iacute; sucesivamente.<\/p>\n<p>Y respecto del Presupuesto, estamos todos de acuerdo que el endeudamiento es destinado a obras p&uacute;blicas y bienes de capital y no a gastos corrientes. Tambi&eacute;n existen otros aspectos que estamos evaluando respecto del financiamiento IPV, y ante una pregunta, dijo que &ldquo;el compromiso es hacer m&aacute;s eficiente al Estado en el gasto y la recaudaci&oacute;n&rdquo;.<\/p>\n<p>Explic&oacute; que la mayor recaudaci&oacute;n no se logra con el impuesto al automotor o inmobiliario, sino con Ingresos Brutos. &ldquo;Hay que gente que se alarma al no conocer realmente la Ley Impositiva. El concepto es grabar con Ingresos Brutos la tasa cero de m&aacute;s de 200 actividades econ&oacute;mica que la provincia tiene con tasa cero desde la &eacute;poca del 2000 y 2001. Creo que la situaci&oacute;n de la provincia y del pa&iacute;s ha variado significativamente como para seguir sosteniendo este tipo de privilegio&rdquo;.<\/p>\n<p>Subray&oacute; que &ldquo;mientras otras actividades econ&oacute;micas contin&uacute;an pagando ingresos brutos, cuando se habla de que la tasa cero pasa a 0,5%, por ejemplo, un abogado sobre $100.000 de honorarios tendr&iacute;a que tributar $500 o $1.000. Esto no es un impuestazo. Se trata de una diferencia conceptual&rdquo;. <\/p>\n<p>Ante otra pregunta, dijo que &ldquo;no estamos pensando en disolver entidades mixtas, sino en hacerlas m&aacute;s eficientes. Un ejemplo de esto es Mendoza Productiva, una estructura paralela dentro de la unidad de financiamiento internacional que ha crecido de manera desmedida. A lo que debemos apuntar es ir es a una agencia de inversi&oacute;n de relaciones internacionales con los organismo pertinentes&rdquo;.<\/p>\n<p><\/p>\n<p>Para escuchar las declaraciones de P&eacute;rez, ingrese al Flash Informativo.<\/p>\n<\/body><\/html>\n","protected":false},"excerpt":{"rendered":"El gobernador de la Provincia, Francisco P&eacute;rez, neg&oacute; que exista un proyecto alternativo respecto del Aval&uacute;o y la Ley Impositiva, al tiempo que ratific&oacute; que el endeudamiento ser&aacute; destinado a obras p&uacute;blicas y bienes de capital, es decir, inversi&oacute;n, y no a gastos corrientes. A&ntilde;adi&oacute; que hay gente que se alarma porque no conoce realmente&#8230; <a class=\"view-article\" href=\"https:\/\/www.mendoza.gov.ar\/prensa\/perez-nego-que-haya-un-proyecto-alternativo-de-avaluo-e-impositiva\/\"><\/a>","protected":false},"author":3,"featured_media":0,"comment_status":"closed","ping_status":"open","sticky":false,"template":"","format":"standard","meta":[],"categories":[19],"tags":[],"_links":{"self":[{"href":"https:\/\/www.mendoza.gov.ar\/prensa\/wp-json\/wp\/v2\/posts\/12021"}],"collection":[{"href":"https:\/\/www.mendoza.gov.ar\/prensa\/wp-json\/wp\/v2\/posts"}],"about":[{"href":"https:\/\/www.mendoza.gov.ar\/prensa\/wp-json\/wp\/v2\/types\/post"}],"author":[{"embeddable":true,"href":"https:\/\/www.mendoza.gov.ar\/prensa\/wp-json\/wp\/v2\/users\/3"}],"replies":[{"embeddable":true,"href":"https:\/\/www.mendoza.gov.ar\/prensa\/wp-json\/wp\/v2\/comments?post=12021"}],"version-history":[{"count":0,"href":"https:\/\/www.mendoza.gov.ar\/prensa\/wp-json\/wp\/v2\/posts\/12021\/revisions"}],"wp:attachment":[{"href":"https:\/\/www.mendoza.gov.ar\/prensa\/wp-json\/wp\/v2\/media?parent=12021"}],"wp:term":[{"taxonomy":"category","embeddable":true,"href":"https:\/\/www.mendoza.gov.ar\/prensa\/wp-json\/wp\/v2\/categories?post=12021"},{"taxonomy":"post_tag","embeddable":true,"href":"https:\/\/www.mendoza.gov.ar\/prensa\/wp-json\/wp\/v2\/tags?post=12021"}],"curies":[{"name":"wp","href":"https:\/\/api.w.org\/{rel}","templated":true}]}}