{"id":12026,"date":"2012-01-10T00:00:00","date_gmt":"2012-01-10T00:00:00","guid":{"rendered":"http:\/\/prensa.wp2.mendoza.gov.ar\/?p=12026"},"modified":"2012-01-10T00:00:00","modified_gmt":"2012-01-10T00:00:00","slug":"perez-ofrecio-su-compromiso-pleno-para-combatir-la-desnutricion-infantil-en-mendoza","status":"publish","type":"post","link":"https:\/\/www.mendoza.gov.ar\/prensa\/perez-ofrecio-su-compromiso-pleno-para-combatir-la-desnutricion-infantil-en-mendoza\/","title":{"rendered":"P\u00e9rez ofreci\u00f3 su compromiso pleno para combatir la desnutrici\u00f3n infantil en Mendoza"},"content":{"rendered":"<!DOCTYPE html PUBLIC \"-\/\/W3C\/\/DTD HTML 4.0 Transitional\/\/EN\" \"http:\/\/www.w3.org\/TR\/REC-html40\/loose.dtd\">\n<html><body><p>El gobernador Francisco P&eacute;rez ofreci&oacute; la ayuda de la Provincia &ldquo;a partir de este momento&rdquo; a la Fundaci&oacute;n CONIN, dirigida por el doctor Abel Albino, luego de una visita que realiz&oacute; a los dos centros de rehabilitaci&oacute;n de ni&ntilde;os con desnutrici&oacute;n que funcionan en el coraz&oacute;n de barrios carenciados de Las Heras.<\/p>\n\n<p>El mandatario, acompa&ntilde;ado de los ministros de Salud, Carlos D&iacute;az Russo y de Desarrollo Social, Guillermo Elizalde, a medida que el doctor Albino le explicaba las diversas necesidades que surg&iacute;an por la atenci&oacute;n de los infantes y de los dram&aacute;ticos alcances sociales que significaba el flagelo de la desnutrici&oacute;n, instru&iacute;a a sus colaboradores para instrumentar medidas tendientes a solucionar los problemas inmediatos.<\/p>\n\n<p>P&eacute;rez dijo que se adoptar&aacute;n las medidas administrativas correspondientes para pagar una deuda heredada de otros gobiernos, la cual alcanza, seg&uacute;n afirm&oacute; Albino, a unos 600.000 d&oacute;lares.<\/p>\n\n<p>En varias oportunidades el Gobernador asegur&oacute; que hab&iacute;a ido: &ldquo;a ofrecer un compromiso personal y del Gobierno que supera la cifra citada. No vine a firmar un pagar&eacute;, sino a refirmar un trabajo conjunto permanente&rdquo;, a lo que el cient&iacute;fico agradeci&oacute; reiteradamente y puntualiz&oacute; que &ldquo;es la primera vez que un gobernador llega a nuestras instalaciones espont&aacute;neamente, no solo a ofrecer su ayuda, sino para conocer detalladamente la situaci&oacute;n de Mendoza y del pa&iacute;s en esta materia&rdquo;.<\/p>\n\n<p>La recorrida de los altos funcionarios demand&oacute; algo m&aacute;s de tres horas, durante las cuales el doctor Albino fundamento, a trav&eacute;s de videos y charlas, &ldquo;el horror&rdquo; que produce la desnutrici&oacute;n no s&oacute;lo en nuestra provincia, sino en la Argentina y Latinoam&eacute;rica.<\/p>\n\n<p>&ldquo;Esos ni&ntilde;os desnutridos padecen da&ntilde;os cerebrales irreparables despu&eacute;s del segundo a&ntilde;o de vida, luego est&aacute;n incapacitados para recibir ense&ntilde;anza escolar, crecen sin ning&uacute;n futuro, son excluidos y lo m&aacute;s probable es que terminen en la c&aacute;rcel&rdquo;.<\/p>\n\n<p>&ldquo;Por ello debemos trabajar para eliminar los riesgos, para prevenir, para asistir a las madres embarazadas, para cortar la cadena de desnutrici&oacute;n cong&eacute;nita o adquirida y para llegar a tiempo, es decir para recuperar al ni&ntilde;o en su primer a&ntilde;o de nacimiento&rdquo; dijo Albino, mostrando las instalaciones de Conin.<\/p>\n\n<p>En una parte de la visita, y sin que mediara ning&uacute;n pedido de Albino, Francisco P&eacute;rez comenz&oacute; a dar instrucciones precisas a sus ministros y colaboradores, tanto en lo que se refiere a infraestructura, como en transporte.<\/p>\n\n<p>De inmediato not&oacute; la necesidad de un &oacute;mnibus para trasladar pacientes desde distintos puntos de Mendoza, como as&iacute;, la construcci&oacute;n de nuevas instalaciones. Por ello, cuando el periodismo le pregunt&oacute; al gobernador a partir de cu&aacute;ndo se concretar&aacute; la ayuda, le respondi&oacute;: &ldquo;a partir de este momento&rdquo;.<\/p>\n\n<p>En los dos centros de CONIN se atienden a 180 familias y unos 300 ni&ntilde;os por mes, desde su nacimiento hasta los 4 a&ntilde;os de edad, provenientes de diversas zonas de la provincia y trabajan 57 profesionales. Tambi&eacute;n la instituci&oacute;n mencionada, tiene centros otros puntos de Mendoza, y en varias zonas de nuestro pa&iacute;s, como as&iacute; en otras naciones.<\/p>\n\n<p>&ldquo;Vinimos a escuchar y aprender, a observar desde adentro la situaci&oacute;n y el arduo trabajo que se realiza. Y de esa manera reforzar nuestro convencimiento y sumarnos a esta causa y potenciar nuestra ayuda. Se necesita una decisi&oacute;n pol&iacute;tica&rdquo; concluy&oacute; el Gobernador P&eacute;rez.<\/p>\n<p><\/p>\n<\/body><\/html>\n","protected":false},"excerpt":{"rendered":"El gobernador Francisco P&eacute;rez ofreci&oacute; la ayuda de la Provincia &ldquo;a partir de este momento&rdquo; a la Fundaci&oacute;n CONIN, dirigida por el doctor Abel Albino, luego de una visita que realiz&oacute; a los dos centros de rehabilitaci&oacute;n de ni&ntilde;os con desnutrici&oacute;n que funcionan en el coraz&oacute;n de barrios carenciados de Las Heras. El mandatario, acompa&ntilde;ado&#8230; <a class=\"view-article\" href=\"https:\/\/www.mendoza.gov.ar\/prensa\/perez-ofrecio-su-compromiso-pleno-para-combatir-la-desnutricion-infantil-en-mendoza\/\"><\/a>","protected":false},"author":3,"featured_media":0,"comment_status":"closed","ping_status":"open","sticky":false,"template":"","format":"standard","meta":[],"categories":[19],"tags":[],"_links":{"self":[{"href":"https:\/\/www.mendoza.gov.ar\/prensa\/wp-json\/wp\/v2\/posts\/12026"}],"collection":[{"href":"https:\/\/www.mendoza.gov.ar\/prensa\/wp-json\/wp\/v2\/posts"}],"about":[{"href":"https:\/\/www.mendoza.gov.ar\/prensa\/wp-json\/wp\/v2\/types\/post"}],"author":[{"embeddable":true,"href":"https:\/\/www.mendoza.gov.ar\/prensa\/wp-json\/wp\/v2\/users\/3"}],"replies":[{"embeddable":true,"href":"https:\/\/www.mendoza.gov.ar\/prensa\/wp-json\/wp\/v2\/comments?post=12026"}],"version-history":[{"count":0,"href":"https:\/\/www.mendoza.gov.ar\/prensa\/wp-json\/wp\/v2\/posts\/12026\/revisions"}],"wp:attachment":[{"href":"https:\/\/www.mendoza.gov.ar\/prensa\/wp-json\/wp\/v2\/media?parent=12026"}],"wp:term":[{"taxonomy":"category","embeddable":true,"href":"https:\/\/www.mendoza.gov.ar\/prensa\/wp-json\/wp\/v2\/categories?post=12026"},{"taxonomy":"post_tag","embeddable":true,"href":"https:\/\/www.mendoza.gov.ar\/prensa\/wp-json\/wp\/v2\/tags?post=12026"}],"curies":[{"name":"wp","href":"https:\/\/api.w.org\/{rel}","templated":true}]}}