{"id":12035,"date":"2012-01-20T00:00:00","date_gmt":"2012-01-20T00:00:00","guid":{"rendered":"http:\/\/prensa.wp2.mendoza.gov.ar\/?p=12035"},"modified":"2012-01-20T00:00:00","modified_gmt":"2012-01-20T00:00:00","slug":"francisco-perez-anuncio-que-se-licitara-un-nuevo-tramo-del-corredor-del-oeste","status":"publish","type":"post","link":"https:\/\/www.mendoza.gov.ar\/prensa\/francisco-perez-anuncio-que-se-licitara-un-nuevo-tramo-del-corredor-del-oeste\/","title":{"rendered":"Francisco P\u00e9rez anunci\u00f3 que se licitar\u00e1 un nuevo tramo del Corredor del Oeste"},"content":{"rendered":"<!DOCTYPE html PUBLIC \"-\/\/W3C\/\/DTD HTML 4.0 Transitional\/\/EN\" \"http:\/\/www.w3.org\/TR\/REC-html40\/loose.dtd\">\n<html><body><p>El Gobernador Francisco P&eacute;rez anunci&oacute; que se comenzar&aacute; a trabajar en la licitaci&oacute;n de un nuevo tramo del Corredor del Oeste, para aliviar distancias a los mendocinos que se dirigen desde el Oeste de Godoy Cruz, hacia el radio urbano de ese departamento.<\/p>\n<p>As&iacute; lo especific&oacute; P&eacute;rez en la conferencia de prensa llevada a cabo hoy en la base de Argentina Rafting, en d&oacute;nde habl&oacute; de la inauguraci&oacute;n de la temporada de turismo aventura. Aprovech&oacute; tambi&eacute;n la ocasi&oacute;n para hacer referencia a nuevas obras urbanas. Fue por eso que coment&oacute; en la presentaci&oacute;n, que se comenzar&aacute; a trabajar en un nuevo tramo del Corredor del Oeste. El mismo, ser&aacute; licitado por el Gobierno de la Provincia con el fin de vincular la rotonda de Palmares con la ruta Panamericana.<\/p>\n<p>Se trata de una obra fundamental para mejorar la distribuci&oacute;n del tr&aacute;nsito de los departamentos Luj&aacute;n de Cuyo, Godoy Cruz, espec&iacute;ficamente con las localidades de Blanco Encalada y Chacras de Coria. El Gobierno provincial pretende, con este cometido, dar continuidad a los trabajos que fueron iniciados en los a&ntilde;os &rsquo;90.<\/p>\n<p>A su vez, la Direcci&oacute;n de Vialidad Provincial inform&oacute; que se realizar&aacute; un desplazamiento de las l&iacute;neas el&eacute;ctricas ubicadas en el sector, como as&iacute; tambi&eacute;n tareas de encauces aluvionales.<\/p>\n<p>La obra, que tiene un costo de $ 49 millones, brindar&aacute; una nueva v&iacute;a de conexi&oacute;n a uno de los sectores que mayor incremento de tr&aacute;nsito a experimentado en los &uacute;ltimos a&ntilde;os. Este crecimiento se debe al aumento inmobiliario, la expansi&oacute;n tur&iacute;stica de la Ruta Panamericana y a la instalaci&oacute;n de nuevos emprendimientos comerciales.<\/p>\n<p>Espina: &ldquo;Hoy Mendoza cuenta con infraestructura y servicios de calidad turismo&rdquo;<\/p>\n<p><\/p>\n<\/body><\/html>\n","protected":false},"excerpt":{"rendered":"El Gobernador Francisco P&eacute;rez anunci&oacute; que se comenzar&aacute; a trabajar en la licitaci&oacute;n de un nuevo tramo del Corredor del Oeste, para aliviar distancias a los mendocinos que se dirigen desde el Oeste de Godoy Cruz, hacia el radio urbano de ese departamento. As&iacute; lo especific&oacute; P&eacute;rez en la conferencia de prensa llevada a cabo&#8230; <a class=\"view-article\" href=\"https:\/\/www.mendoza.gov.ar\/prensa\/francisco-perez-anuncio-que-se-licitara-un-nuevo-tramo-del-corredor-del-oeste\/\"><\/a>","protected":false},"author":3,"featured_media":0,"comment_status":"closed","ping_status":"open","sticky":false,"template":"","format":"standard","meta":[],"categories":[19],"tags":[],"_links":{"self":[{"href":"https:\/\/www.mendoza.gov.ar\/prensa\/wp-json\/wp\/v2\/posts\/12035"}],"collection":[{"href":"https:\/\/www.mendoza.gov.ar\/prensa\/wp-json\/wp\/v2\/posts"}],"about":[{"href":"https:\/\/www.mendoza.gov.ar\/prensa\/wp-json\/wp\/v2\/types\/post"}],"author":[{"embeddable":true,"href":"https:\/\/www.mendoza.gov.ar\/prensa\/wp-json\/wp\/v2\/users\/3"}],"replies":[{"embeddable":true,"href":"https:\/\/www.mendoza.gov.ar\/prensa\/wp-json\/wp\/v2\/comments?post=12035"}],"version-history":[{"count":0,"href":"https:\/\/www.mendoza.gov.ar\/prensa\/wp-json\/wp\/v2\/posts\/12035\/revisions"}],"wp:attachment":[{"href":"https:\/\/www.mendoza.gov.ar\/prensa\/wp-json\/wp\/v2\/media?parent=12035"}],"wp:term":[{"taxonomy":"category","embeddable":true,"href":"https:\/\/www.mendoza.gov.ar\/prensa\/wp-json\/wp\/v2\/categories?post=12035"},{"taxonomy":"post_tag","embeddable":true,"href":"https:\/\/www.mendoza.gov.ar\/prensa\/wp-json\/wp\/v2\/tags?post=12035"}],"curies":[{"name":"wp","href":"https:\/\/api.w.org\/{rel}","templated":true}]}}