{"id":12039,"date":"2012-01-24T00:00:00","date_gmt":"2012-01-24T00:00:00","guid":{"rendered":"http:\/\/prensa.wp2.mendoza.gov.ar\/?p=12039"},"modified":"2012-01-24T00:00:00","modified_gmt":"2012-01-24T00:00:00","slug":"perez-firmara-acuerdos-durante-un-acto-que-presidira-cristina-fernandez","status":"publish","type":"post","link":"https:\/\/www.mendoza.gov.ar\/prensa\/perez-firmara-acuerdos-durante-un-acto-que-presidira-cristina-fernandez\/","title":{"rendered":"P\u00e9rez firmar\u00e1 acuerdos durante un acto que presidir\u00e1 Cristina Fern\u00e1ndez"},"content":{"rendered":"<!DOCTYPE html PUBLIC \"-\/\/W3C\/\/DTD HTML 4.0 Transitional\/\/EN\" \"http:\/\/www.w3.org\/TR\/REC-html40\/loose.dtd\">\n<html><body><p>El gobernador de la provincia, Francisco P&eacute;rez, respondiendo a una invitaci&oacute;n de la Presidenta, asistir&aacute; este mi&eacute;rcoles a la ceremonia de firma de convenios de numerosas obras p&uacute;blicas. <\/p>\n<p>Se trata de una de las actividades que marcar&aacute;n el retorno a su cargo de la Presidenta, luego de la intervenci&oacute;n quir&uacute;rgica.<\/p>\n<p>Nuestra provincia se ver&aacute; beneficiada con la construcci&oacute;n de escuelas. <\/p>\n<p>El acto se realizar&aacute; a las 18 en la Casa de Rosada y se suscribir&aacute;n acuerdos de obra p&uacute;blica con las siguientes provincias: Jujuy (diques y escuelas), Chaco (rutas y escuelas) y Mendoza, C&oacute;rdoba, Catamarca y Entre R&iacute;os (escuelas).<\/p>\n<p>Esta es la Invitacion que envi&oacute; Presidencia<\/p>\n<\/body><\/html>\n","protected":false},"excerpt":{"rendered":"El gobernador de la provincia, Francisco P&eacute;rez, respondiendo a una invitaci&oacute;n de la Presidenta, asistir&aacute; este mi&eacute;rcoles a la ceremonia de firma de convenios de numerosas obras p&uacute;blicas. Se trata de una de las actividades que marcar&aacute;n el retorno a su cargo de la Presidenta, luego de la intervenci&oacute;n quir&uacute;rgica. Nuestra provincia se ver&aacute; beneficiada&#8230; <a class=\"view-article\" href=\"https:\/\/www.mendoza.gov.ar\/prensa\/perez-firmara-acuerdos-durante-un-acto-que-presidira-cristina-fernandez\/\"><\/a>","protected":false},"author":3,"featured_media":0,"comment_status":"closed","ping_status":"open","sticky":false,"template":"","format":"standard","meta":[],"categories":[19],"tags":[],"_links":{"self":[{"href":"https:\/\/www.mendoza.gov.ar\/prensa\/wp-json\/wp\/v2\/posts\/12039"}],"collection":[{"href":"https:\/\/www.mendoza.gov.ar\/prensa\/wp-json\/wp\/v2\/posts"}],"about":[{"href":"https:\/\/www.mendoza.gov.ar\/prensa\/wp-json\/wp\/v2\/types\/post"}],"author":[{"embeddable":true,"href":"https:\/\/www.mendoza.gov.ar\/prensa\/wp-json\/wp\/v2\/users\/3"}],"replies":[{"embeddable":true,"href":"https:\/\/www.mendoza.gov.ar\/prensa\/wp-json\/wp\/v2\/comments?post=12039"}],"version-history":[{"count":0,"href":"https:\/\/www.mendoza.gov.ar\/prensa\/wp-json\/wp\/v2\/posts\/12039\/revisions"}],"wp:attachment":[{"href":"https:\/\/www.mendoza.gov.ar\/prensa\/wp-json\/wp\/v2\/media?parent=12039"}],"wp:term":[{"taxonomy":"category","embeddable":true,"href":"https:\/\/www.mendoza.gov.ar\/prensa\/wp-json\/wp\/v2\/categories?post=12039"},{"taxonomy":"post_tag","embeddable":true,"href":"https:\/\/www.mendoza.gov.ar\/prensa\/wp-json\/wp\/v2\/tags?post=12039"}],"curies":[{"name":"wp","href":"https:\/\/api.w.org\/{rel}","templated":true}]}}