{"id":12042,"date":"2012-01-26T00:00:00","date_gmt":"2012-01-26T00:00:00","guid":{"rendered":"http:\/\/prensa.wp2.mendoza.gov.ar\/?p=12042"},"modified":"2012-01-26T00:00:00","modified_gmt":"2012-01-26T00:00:00","slug":"perez-presento-la-vendimia-acompanado-por-boudou","status":"publish","type":"post","link":"https:\/\/www.mendoza.gov.ar\/prensa\/perez-presento-la-vendimia-acompanado-por-boudou\/","title":{"rendered":"P\u00e9rez present\u00f3 la Vendimia acompa\u00f1ado por Boudou"},"content":{"rendered":"<!DOCTYPE html PUBLIC \"-\/\/W3C\/\/DTD HTML 4.0 Transitional\/\/EN\" \"http:\/\/www.w3.org\/TR\/REC-html40\/loose.dtd\">\n<html><body><p>Acompa&ntilde;ado por gran parte de las principales figuras de la pol&iacute;tica Nacional, el gobernador de Mendoza, Francisco P&eacute;rez,  se mostr&oacute; entusiasmado en presentar el &ldquo;trabajo de todo un a&ntilde;o de los mendocinos, junto a compa&ntilde;eros y amigos de la Naci&oacute;n y la provincia de Mendoza&rdquo;.<\/p>\n\n<p>En el emblem&aacute;tico Hotel Hermitage P&eacute;rez estuvo acompa&ntilde;ado por el vicepresidente de la Naci&oacute;n,  Amado Boudou, el vicegobernador de Buenos Aires,  Gabriel Mariotto, el senador nacional, An&iacute;bal Fern&aacute;ndez, el titular del Anses, Diego Bossio, el intendente de Mar del Plata, Gustavo Pulti y por los ministros de Cultura y Turismo de Mendoza, Marizul Iba&ntilde;ez y Javier Espina.<\/p>\n\n<p>Boudou rescat&oacute; la interacci&oacute;n de distintas regiones en Mar del Plata: &ldquo;hay millones de hermanos que est&aacute;n haciendo un alto en la Costa Atl&aacute;ntica, al igual que lo har&aacute;n en Mendoza, y no es casualidad, porque no hay proyectos locales, ni provinciales,  si no hay un proyecto de pa&iacute;s&rdquo;.<\/p>\n\n<p>Adem&aacute;s rescato a las producciones locales, &ldquo;vimos al gobernador de Mendoza y al intendente de Mar del Plata intercambiar productos regionales como presentes, ese es el fruto del trabajo de mendocinos y marplatenses, que trabajan  la tierra y el mar; y eso tambi&eacute;n es la sinton&iacute;a fina de la que nos habla nuestra presidenta, darle valor agregado a nuestros productos;  y el vino bebida nacional es un ejemplo&rdquo; asegur&oacute;.<\/p>\n\n<p>En la presentaci&oacute;n,  tambi&eacute;n acompa&ntilde;aron a P&eacute;rez los legisladores nacionales, Dante Gonz&aacute;lez y Omar F&eacute;lix as&iacute; como el intendente de San Rafael, Emir F&eacute;lix y sus pares bonaerenses de Mar Chiquita, Ranchos, Col&oacute;n y Arrecifes, entre otros.<\/p>\n\n<p>La reina y virreina de la Vendimia aportaron toda su tradici&oacute;n al anuncio y atendieron junto a los funcionarios a toda la prensa que se hizo presente.<\/p>\n<p><\/p>\n<\/body><\/html>\n","protected":false},"excerpt":{"rendered":"Acompa&ntilde;ado por gran parte de las principales figuras de la pol&iacute;tica Nacional, el gobernador de Mendoza, Francisco P&eacute;rez, se mostr&oacute; entusiasmado en presentar el &ldquo;trabajo de todo un a&ntilde;o de los mendocinos, junto a compa&ntilde;eros y amigos de la Naci&oacute;n y la provincia de Mendoza&rdquo;. En el emblem&aacute;tico Hotel Hermitage P&eacute;rez estuvo acompa&ntilde;ado por el&#8230; <a class=\"view-article\" href=\"https:\/\/www.mendoza.gov.ar\/prensa\/perez-presento-la-vendimia-acompanado-por-boudou\/\"><\/a>","protected":false},"author":3,"featured_media":0,"comment_status":"closed","ping_status":"open","sticky":false,"template":"","format":"standard","meta":[],"categories":[19],"tags":[],"_links":{"self":[{"href":"https:\/\/www.mendoza.gov.ar\/prensa\/wp-json\/wp\/v2\/posts\/12042"}],"collection":[{"href":"https:\/\/www.mendoza.gov.ar\/prensa\/wp-json\/wp\/v2\/posts"}],"about":[{"href":"https:\/\/www.mendoza.gov.ar\/prensa\/wp-json\/wp\/v2\/types\/post"}],"author":[{"embeddable":true,"href":"https:\/\/www.mendoza.gov.ar\/prensa\/wp-json\/wp\/v2\/users\/3"}],"replies":[{"embeddable":true,"href":"https:\/\/www.mendoza.gov.ar\/prensa\/wp-json\/wp\/v2\/comments?post=12042"}],"version-history":[{"count":0,"href":"https:\/\/www.mendoza.gov.ar\/prensa\/wp-json\/wp\/v2\/posts\/12042\/revisions"}],"wp:attachment":[{"href":"https:\/\/www.mendoza.gov.ar\/prensa\/wp-json\/wp\/v2\/media?parent=12042"}],"wp:term":[{"taxonomy":"category","embeddable":true,"href":"https:\/\/www.mendoza.gov.ar\/prensa\/wp-json\/wp\/v2\/categories?post=12042"},{"taxonomy":"post_tag","embeddable":true,"href":"https:\/\/www.mendoza.gov.ar\/prensa\/wp-json\/wp\/v2\/tags?post=12042"}],"curies":[{"name":"wp","href":"https:\/\/api.w.org\/{rel}","templated":true}]}}