{"id":12067,"date":"2012-02-14T00:00:00","date_gmt":"2012-02-14T00:00:00","guid":{"rendered":"http:\/\/prensa.wp2.mendoza.gov.ar\/?p=12067"},"modified":"2012-02-14T00:00:00","modified_gmt":"2012-02-14T00:00:00","slug":"perez-firmo-un-convenio-con-la-nacion-que-beneficiara-a-las-producciones-audiovisuales","status":"publish","type":"post","link":"https:\/\/www.mendoza.gov.ar\/prensa\/perez-firmo-un-convenio-con-la-nacion-que-beneficiara-a-las-producciones-audiovisuales\/","title":{"rendered":"P\u00e9rez firm\u00f3 un convenio con la Naci\u00f3n que beneficiar\u00e1 a las producciones audiovisuales"},"content":{"rendered":"<!DOCTYPE html PUBLIC \"-\/\/W3C\/\/DTD HTML 4.0 Transitional\/\/EN\" \"http:\/\/www.w3.org\/TR\/REC-html40\/loose.dtd\">\n<html><body><p><\/p>\n<p>El gobernador Francisco P&eacute;rez firm&oacute; un convenio con la ministra de Industrias de la Naci&oacute;n, D&eacute;bora Giorgi, con el objetivo transformar a Mendoza en un centro de atracci&oacute;n para las producciones audiovisuales.<\/p>\n<p>El acuerdo, permitir&aacute; fomentar e implementar acciones y programas de inter&eacute;s com&uacute;n en el &aacute;mbito de las industrias creativas culturales.<\/p>\n<p>P&eacute;rez, estuvo acompa&ntilde;ado por la ministra de Cultura, Marizul Ib&aacute;&ntilde;ez, el ministro de Agroindustria y Tecnolog&iacute;a, Jos&eacute; Lu&iacute;s &Aacute;lvarez, el ministro de Turismo, Javier Espina y el director de Industrias Creativas de Mendoza, Gabriel Piconero.<\/p>\n<p>Este convenio potenciar&aacute; las industrias culturales en la provincia que busca posicionarse como un centro de realizaci&oacute;n de la industria audiovisual, por sus caracter&iacute;sticas, geogr&aacute;ficas y clim&aacute;ticas (buena luz y poca lluvia). Cabe destacar que productores nacionales y extranjeros tienen inter&eacute;s de filmar en Mendoza.<\/p>\n<p>Con respecto a este tema, el gobernador se explay&oacute; sobre la construcci&oacute;n del &ldquo;Centro Provincial de la Cultura que albergar&aacute; una incubadora de empresas culturales. Tambi&eacute;n se est&aacute; buscando construir un centro para filmaci&oacute;n de interiores que contenga espacio para estudios de edici&oacute;n y compaginaci&oacute;n&rdquo;.<\/p>\n<p>En tanto, la ministra de Industria, D&eacute;bora Giorgi, detall&oacute; que el acuerdo contempla herramientas de financiamiento como el cr&eacute;dito del Fondo del Bicentenario a 9,9% de tasa fija en pesos; la bonificaci&oacute;n por parte del Ministerio de la tasa de cr&eacute;ditos que tomen pymes culturales en el Banco Naci&oacute;n y brinda aportes no reintegrables a emprendedores. Tambi&eacute;n se brinda asesoramiento t&eacute;cnico y rondas de negocios para fomentar y federalizar estas industrias<\/p>\n<p>Este acuerdo, tendr&aacute; una primera etapa, donde nuestra provincia comenzar&aacute; a trabajar con el sector audiovisual, que incluye documentales, televisi&oacute;n y videojuegos, adem&aacute;s de las &aacute;reas de m&uacute;sica y artes esc&eacute;nicas, que son las industrias culturales que m&aacute;s se est&aacute;n desarrollando en Mendoza.<\/p>\n<\/body><\/html>\n","protected":false},"excerpt":{"rendered":"El gobernador Francisco P&eacute;rez firm&oacute; un convenio con la ministra de Industrias de la Naci&oacute;n, D&eacute;bora Giorgi, con el objetivo transformar a Mendoza en un centro de atracci&oacute;n para las producciones audiovisuales. El acuerdo, permitir&aacute; fomentar e implementar acciones y programas de inter&eacute;s com&uacute;n en el &aacute;mbito de las industrias creativas culturales. P&eacute;rez, estuvo acompa&ntilde;ado&#8230; <a class=\"view-article\" href=\"https:\/\/www.mendoza.gov.ar\/prensa\/perez-firmo-un-convenio-con-la-nacion-que-beneficiara-a-las-producciones-audiovisuales\/\"><\/a>","protected":false},"author":3,"featured_media":0,"comment_status":"closed","ping_status":"open","sticky":false,"template":"","format":"standard","meta":[],"categories":[19],"tags":[],"_links":{"self":[{"href":"https:\/\/www.mendoza.gov.ar\/prensa\/wp-json\/wp\/v2\/posts\/12067"}],"collection":[{"href":"https:\/\/www.mendoza.gov.ar\/prensa\/wp-json\/wp\/v2\/posts"}],"about":[{"href":"https:\/\/www.mendoza.gov.ar\/prensa\/wp-json\/wp\/v2\/types\/post"}],"author":[{"embeddable":true,"href":"https:\/\/www.mendoza.gov.ar\/prensa\/wp-json\/wp\/v2\/users\/3"}],"replies":[{"embeddable":true,"href":"https:\/\/www.mendoza.gov.ar\/prensa\/wp-json\/wp\/v2\/comments?post=12067"}],"version-history":[{"count":0,"href":"https:\/\/www.mendoza.gov.ar\/prensa\/wp-json\/wp\/v2\/posts\/12067\/revisions"}],"wp:attachment":[{"href":"https:\/\/www.mendoza.gov.ar\/prensa\/wp-json\/wp\/v2\/media?parent=12067"}],"wp:term":[{"taxonomy":"category","embeddable":true,"href":"https:\/\/www.mendoza.gov.ar\/prensa\/wp-json\/wp\/v2\/categories?post=12067"},{"taxonomy":"post_tag","embeddable":true,"href":"https:\/\/www.mendoza.gov.ar\/prensa\/wp-json\/wp\/v2\/tags?post=12067"}],"curies":[{"name":"wp","href":"https:\/\/api.w.org\/{rel}","templated":true}]}}