{"id":12069,"date":"2012-02-15T00:00:00","date_gmt":"2012-02-15T00:00:00","guid":{"rendered":"http:\/\/prensa.wp2.mendoza.gov.ar\/?p=12069"},"modified":"2012-02-15T00:00:00","modified_gmt":"2012-02-15T00:00:00","slug":"los-barrios-privados-que-no-tendran-mas-el-subsidio-electrico","status":"publish","type":"post","link":"https:\/\/www.mendoza.gov.ar\/prensa\/los-barrios-privados-que-no-tendran-mas-el-subsidio-electrico\/","title":{"rendered":"Los barrios privados que no tendr\u00e1n m\u00e1s el subsidio el\u00e9ctrico"},"content":{"rendered":"<!DOCTYPE html PUBLIC \"-\/\/W3C\/\/DTD HTML 4.0 Transitional\/\/EN\" \"http:\/\/www.w3.org\/TR\/REC-html40\/loose.dtd\">\n<html><body><p>A partir del 1&ordm; de enero de 2012, y en una primera etapa, los usuarios residenciales del servicio el&eacute;ctrico comprendidos en los siguientes barrios privados, de acceso restringido, countries o similares, dejar&aacute;n de percibir el subsidio:<\/p>\n\n<p>Guaymall&eacute;n: Club de Campo, Village, 9 de Julio, Bizantino, Urquiza, Barrio del Pilar, Solares Guariento, Pedro del Castillo, Elpidio Gonz&aacute;lez, Los Almendros, Senderos de Campo, Fontana, Tierra de Alcazar, El Molino, La Barraca.<\/p>\n<p>Capital: Dalvian (Capital y Las Heras).<\/p>\n<p>Las Heras: Las Colinas, Rucalen.<\/p>\n<p>Godoy Cruz: El Escorial, Palmares, Rinc&oacute;n de Arizu, Puerto Madero, Villa Mediterr&aacute;nea, Palamares Valley (Godoy Cruz y Las Heras).<\/p>\n<p>Maip&uacute;: Ranchos de la Merced, Portal de los Sauces, El Torreon, Primaterra, Furlotti, Montes de Santa Maria, La Vacherie, Los Cerezos, Club de Campo, Vi&ntilde;a del Torreon.<\/p>\n<p>Luj&aacute;n: Portal Vistalba, Praderas de Vistalba, Virgen del Valle, Solar del Plata, Pincolini, Maiten, Guardia Vieja, 4 de Junio, Country Vistalba, Terrazas de Chacras, Jard&iacute;n los Perales, Santa Oliva, El Remanso, Agua y Energ&iacute;a &ldquo;A&rdquo;, Los Peralitos, Viamonte, Las Candelas y Bertona, Viamonte &ldquo;2&rdquo;, Viamonte &ldquo;3&rdquo;, Pueyrredon, Solares de Gabrielli, Rinc&oacute;n de Araoz, Chacras de Farrel, Loria, Rinc&oacute;n de Chacras, Los Robles, Loria &ldquo;2&rdquo;, Las Carretas, El Huerto, Balcones de la Carrodilla, El Marquesado, Pinar del Sol, Pinar del Sol II, Lomas de Terrada, Portal de Boedo, Don Carlos, Vieytes, Vieytes &ldquo;2&rdquo;, Catalpas, Granaderos, Tierras de Boedo, Parque Universitario, Cerro Alto, Ayres de Alzaga, El Recodo, Granaderos (Barrio Residencial Norte), La Capilla, La Delia, Las Laderas, Recoleta, Vista Pueblo, Will Ri.<\/p>\n<p>San Mart&iacute;n: La Posada y Barrio Colonial.<\/p>\n<p>San Rafael: Dean Funes, El Chayaral, Golf Club San Rafael, Jos&eacute; del Nihuil, San Rafael Club de Na&uacute;tica y Pesca.<\/p>\n<p>Adicionalmente, se aplicar&aacute; esta quita directa de subsidios a otros barrios privados y a viviendas de mayor suntuosidad, de amplias dimensiones y\/o de importante ubicaci&oacute;n geogr&aacute;fica, seg&uacute;n los datos de la Direcci&oacute;n Provincial de Catastro. Listado que los usuarios podr&aacute;n consultar en el sitio web del EPRE: www.epremendoza.gov.ar, &ldquo;Quita Directa de Subsidios: Zonas y Barrios&rdquo;.<\/p>\n<p>Esto representa, en esta primer etapa, a aproximadamente 10.000 usuarios residenciales que dejar&aacute;n de percibir el subsidio del Estado Nacional en el servicio el&eacute;ctrico.<\/p>\n<p>Esta decisi&oacute;n surgi&oacute; de la implementaci&oacute;n de los criterios dispuestos por el Grupo de Trabajo para el An&aacute;lisis y Estudio de la incidencia en los distintos sectores de los subsidios, conformado por los ministerios de Econom&iacute;a y Finanzas y de Planificaci&oacute;n Federal, Inversi&oacute;n P&uacute;blica y Servicios de la Naci&oacute;n.<\/p>\n<p>De esta forma, atento a que se trata de un proceso din&aacute;mico y complejo de implementaci&oacute;n, se continuar&aacute; avanzando en la incorporaci&oacute;n de nuevos barrios y zonas a fin de extender y aplicar la pol&iacute;tica p&uacute;blica de personalizaci&oacute;n de los subsidios, para que lleguen a aquellos que solamente los necesitan y poder, as&iacute;, lograr una contribuci&oacute;n equitativa que permita una mayor inclusi&oacute;n social respecto al acceso a los servicios p&uacute;blicos. Con el dinero que el Estado Nacional deja de destinar a estos fines, se podr&aacute;n realizar obras de infraestructura que permitir&aacute;n que m&aacute;s argentinos en todo el pa&iacute;s tengan acceso a los servicios b&aacute;sicos.<\/p>\n<p>Cabe destacar, que los usuarios que consideren que no pueden afrontar la quita de subsidio deber&aacute;n presentarse ante su distribuidora y solicitar el Formulario &ldquo;Declaraci&oacute;n Jurada sobre la Necesidad de Mantener el Subsidio&rdquo; e indicar alguna de las siguientes condiciones:<\/p>\n<p>Acredita una enfermedad cr&oacute;nica que implique un mayor consumo del servicio.<\/p>\n<p>Percibe como &uacute;nico ingreso provisional una jubilaci&oacute;n y\/o pensi&oacute;n equivalente a un haber m&iacute;nimo.<\/p>\n<p>Percibe Pensiones No Contributivas.<\/p>\n<p>Es destinatario de alg&uacute;n Plan o Programa Social (Asignaci&oacute;n Universal por Hijo, subsidios por Desempleo, Plan Familias, etc.)<\/p>\n<p>Tiene el domicilio afectado por actividades de &iacute;ndole social (institutos, comedores comunitarios, centros de recuperaci&oacute;n etc.)<\/p>\n<p>Percibe alguna asignaci&oacute;n familiar.<\/p>\n<p>En su vivienda conviven m&uacute;ltiples hogares.<\/p>\n<p>Su vivienda posee un local anexo destinado a la actividad comercial (peque&ntilde;os comercios, talleres de oficio, etc.)<\/p>\n<p>Cuenta con certificado de discapacidad<\/p>\n<p>Posee caracter&iacute;sticas edilicias desfavorables que impliquen la utilizaci&oacute;n de un mayor consumo del servicio. Es decir, aquellas viviendas precarias con familia numerosa o vivienda precaria carente de de alguno de los servicios (agua o gas), etc.<\/p>\n<p>Se encuentra exento del pago de Tasas Municipales.<\/p>\n<p>Posee ingresos familiares insuficientes para aportar el pago de la tarifa plena.<\/p>\n<p>Los usuarios deben tener en cuenta que los datos que  declaren, tanto contributivos y los de su grupo familiar, ser&aacute;n constatados y auditados por AFIP, ANSES y dem&aacute;s Organismos competentes, pudiendo corresponder incluso el env&iacute;o de un Trabajador Social.<\/p>\n<p>Recordamos a los usuarios que contin&uacute;an habilitadas las v&iacute;as para expresar la renuncia voluntaria al subsidio:<\/p>\n<p>L&iacute;nea Gratuita de MINPLAN 0 800 888 8765<\/p>\n<p>P&aacute;gina web: www.minplan.gov.ar<\/p>\n<p>Personalmente ante su distribuidora<\/p>\n<p>Ante cualquier consulta comun&iacute;quese con el EPRE mediante la L&iacute;nea Gratuita 0800 222 3773, de lunes a viernes de 8 a 20 horas o en www.epremendoza.gov.ar<\/p>\n\n<p>Eli&aacute;n Japaz anunci&oacute; la quita de subsidios en la &uacute;ltima reuni&oacute;n de gabinete provincial.<\/p>\n<\/body><\/html>\n","protected":false},"excerpt":{"rendered":"A partir del 1&ordm; de enero de 2012, y en una primera etapa, los usuarios residenciales del servicio el&eacute;ctrico comprendidos en los siguientes barrios privados, de acceso restringido, countries o similares, dejar&aacute;n de percibir el subsidio: Guaymall&eacute;n: Club de Campo, Village, 9 de Julio, Bizantino, Urquiza, Barrio del Pilar, Solares Guariento, Pedro del Castillo, Elpidio&#8230; <a class=\"view-article\" href=\"https:\/\/www.mendoza.gov.ar\/prensa\/los-barrios-privados-que-no-tendran-mas-el-subsidio-electrico\/\"><\/a>","protected":false},"author":3,"featured_media":0,"comment_status":"closed","ping_status":"open","sticky":false,"template":"","format":"standard","meta":[],"categories":[19],"tags":[],"_links":{"self":[{"href":"https:\/\/www.mendoza.gov.ar\/prensa\/wp-json\/wp\/v2\/posts\/12069"}],"collection":[{"href":"https:\/\/www.mendoza.gov.ar\/prensa\/wp-json\/wp\/v2\/posts"}],"about":[{"href":"https:\/\/www.mendoza.gov.ar\/prensa\/wp-json\/wp\/v2\/types\/post"}],"author":[{"embeddable":true,"href":"https:\/\/www.mendoza.gov.ar\/prensa\/wp-json\/wp\/v2\/users\/3"}],"replies":[{"embeddable":true,"href":"https:\/\/www.mendoza.gov.ar\/prensa\/wp-json\/wp\/v2\/comments?post=12069"}],"version-history":[{"count":0,"href":"https:\/\/www.mendoza.gov.ar\/prensa\/wp-json\/wp\/v2\/posts\/12069\/revisions"}],"wp:attachment":[{"href":"https:\/\/www.mendoza.gov.ar\/prensa\/wp-json\/wp\/v2\/media?parent=12069"}],"wp:term":[{"taxonomy":"category","embeddable":true,"href":"https:\/\/www.mendoza.gov.ar\/prensa\/wp-json\/wp\/v2\/categories?post=12069"},{"taxonomy":"post_tag","embeddable":true,"href":"https:\/\/www.mendoza.gov.ar\/prensa\/wp-json\/wp\/v2\/tags?post=12069"}],"curies":[{"name":"wp","href":"https:\/\/api.w.org\/{rel}","templated":true}]}}