{"id":12071,"date":"2012-02-16T00:00:00","date_gmt":"2012-02-16T00:00:00","guid":{"rendered":"http:\/\/prensa.wp2.mendoza.gov.ar\/?p=12071"},"modified":"2012-02-16T00:00:00","modified_gmt":"2012-02-16T00:00:00","slug":"perez-hablo-con-suprema-corte-sobre-mejoras-en-la-infraestructura-y-del-codigo-procesal-civil","status":"publish","type":"post","link":"https:\/\/www.mendoza.gov.ar\/prensa\/perez-hablo-con-suprema-corte-sobre-mejoras-en-la-infraestructura-y-del-codigo-procesal-civil\/","title":{"rendered":"P\u00e9rez habl\u00f3 con Suprema Corte sobre mejoras en la infraestructura y del C\u00f3digo Procesal Civil"},"content":{"rendered":"<!DOCTYPE html PUBLIC \"-\/\/W3C\/\/DTD HTML 4.0 Transitional\/\/EN\" \"http:\/\/www.w3.org\/TR\/REC-html40\/loose.dtd\">\n<html><body><p>El gobernador se comprometi&oacute; hoy en buscar partidas presupuestarias para mejorar la infraestructura para la aplicaci&oacute;n  el c&oacute;digo procesal penal en  el Valle de Uco y en la zona sur de la Provincia.<\/p>\n<p>P&eacute;rez trat&oacute; diversos temas, entre ellos la evoluci&oacute;n y la evaluaci&oacute;n que debe hacerse del C&oacute;digo Procesal Civil, la situaci&oacute;n de los procesados en Mendoza y c&oacute;mo trabajar en una mejora de las instituciones del Poder Judicial.<\/p>\n<p>Con respecto a los procesados, el mandatario consider&oacute; que el n&uacute;mero de personas en esa situaci&oacute;n judicial, que representa un 35% de la poblaci&oacute;n carcelaria, es aceptable en comparaci&oacute;n con otras provincias, sin embargo, debe ser un tema a solucionar por el Gobierno y el Poder Judicial.<\/p>\n<p>Asimismo, P&eacute;rez habl&oacute; de la reforma de la Constituci&oacute;n y estableci&oacute; junto a los magistrados un temario para trabajar y discutir para poder avanzar en este asunto que tanto preocupa a su gesti&oacute;n.<\/p>\n<p>El gobernador, se&ntilde;al&oacute; que en la reuni&oacute;n &ldquo;se analiz&oacute; la evoluci&oacute;n del C&oacute;digo Procesal Civil que hay 9 proyectos en el Senado y hablamos del C&oacute;digo Procesal Laboral que esta en Diputados y que estar&iacute;a listo para tratarse porque esto tiene que ver con la agilidad y la justicia inmediata&rdquo;.<\/p>\n<p>Otro de los puntos trascendentales de la reuni&oacute;n fue el mejoramiento de las instituciones vinculadas al Poder Judicial, como el Jury de Enjuiciamiento, el Consejo de la Magistratura y la necesidad de que Mendoza cuente con un juez electoral propio.<\/p>\n<p>En la reuni&oacute;n tambi&eacute;n estuvo el vicegobernador Carlos Ciurca y subsecretaria de Justicia Romina Ronda.<\/p>\n\n<p><\/p>\n<\/body><\/html>\n","protected":false},"excerpt":{"rendered":"El gobernador se comprometi&oacute; hoy en buscar partidas presupuestarias para mejorar la infraestructura para la aplicaci&oacute;n el c&oacute;digo procesal penal en el Valle de Uco y en la zona sur de la Provincia. P&eacute;rez trat&oacute; diversos temas, entre ellos la evoluci&oacute;n y la evaluaci&oacute;n que debe hacerse del C&oacute;digo Procesal Civil, la situaci&oacute;n de los&#8230; <a class=\"view-article\" href=\"https:\/\/www.mendoza.gov.ar\/prensa\/perez-hablo-con-suprema-corte-sobre-mejoras-en-la-infraestructura-y-del-codigo-procesal-civil\/\"><\/a>","protected":false},"author":3,"featured_media":0,"comment_status":"closed","ping_status":"open","sticky":false,"template":"","format":"standard","meta":[],"categories":[19],"tags":[],"_links":{"self":[{"href":"https:\/\/www.mendoza.gov.ar\/prensa\/wp-json\/wp\/v2\/posts\/12071"}],"collection":[{"href":"https:\/\/www.mendoza.gov.ar\/prensa\/wp-json\/wp\/v2\/posts"}],"about":[{"href":"https:\/\/www.mendoza.gov.ar\/prensa\/wp-json\/wp\/v2\/types\/post"}],"author":[{"embeddable":true,"href":"https:\/\/www.mendoza.gov.ar\/prensa\/wp-json\/wp\/v2\/users\/3"}],"replies":[{"embeddable":true,"href":"https:\/\/www.mendoza.gov.ar\/prensa\/wp-json\/wp\/v2\/comments?post=12071"}],"version-history":[{"count":0,"href":"https:\/\/www.mendoza.gov.ar\/prensa\/wp-json\/wp\/v2\/posts\/12071\/revisions"}],"wp:attachment":[{"href":"https:\/\/www.mendoza.gov.ar\/prensa\/wp-json\/wp\/v2\/media?parent=12071"}],"wp:term":[{"taxonomy":"category","embeddable":true,"href":"https:\/\/www.mendoza.gov.ar\/prensa\/wp-json\/wp\/v2\/categories?post=12071"},{"taxonomy":"post_tag","embeddable":true,"href":"https:\/\/www.mendoza.gov.ar\/prensa\/wp-json\/wp\/v2\/tags?post=12071"}],"curies":[{"name":"wp","href":"https:\/\/api.w.org\/{rel}","templated":true}]}}