{"id":12078,"date":"2012-02-24T00:00:00","date_gmt":"2012-02-24T00:00:00","guid":{"rendered":"http:\/\/prensa.wp2.mendoza.gov.ar\/?p=12078"},"modified":"2012-02-24T00:00:00","modified_gmt":"2012-02-24T00:00:00","slug":"perez-dio-la-bienvenida-a-los-mas-destacados-enologos-del-mundo","status":"publish","type":"post","link":"https:\/\/www.mendoza.gov.ar\/prensa\/perez-dio-la-bienvenida-a-los-mas-destacados-enologos-del-mundo\/","title":{"rendered":"P\u00e9rez dio la bienvenida a los m\u00e1s destacados en\u00f3logos del mundo"},"content":{"rendered":"<!DOCTYPE html PUBLIC \"-\/\/W3C\/\/DTD HTML 4.0 Transitional\/\/EN\" \"http:\/\/www.w3.org\/TR\/REC-html40\/loose.dtd\">\n<html><body><p><\/p>\n<p>El gobernador de Mendoza particip&oacute; de la apertura de la 6&ordm; edici&oacute;n del Seminario Wine Awards organizado por Wines of Argentina  y &Aacute;rea del Vino y reafirm&oacute; su compromiso con el sector y sus trabajadores.<\/p>\n<p>En sus palabras de apertura el gobernador destac&oacute; la importancia para la provincia de la visita de &ldquo;12 en&oacute;logos reconocidos a nivel internacional que evaluar&aacute;n y realizar&aacute;n aportes a la calidad de nuestros vinos&rdquo;.<\/p>\n<p>P&eacute;rez destac&oacute; que en  la &uacute;ltima d&eacute;cada la vitivinicultura viene sumando logros,  gracias al consenso y trabajo conjunto del sector p&uacute;blico y privado. &ldquo;Las pol&iacute;ticas p&uacute;blicas est&aacute;n articuladas en un Plan Estrat&eacute;gico de todo el pa&iacute;s que nos han permitido un crecimiento del sector que queremos trasladar a otros productos&rdquo;.<\/p>\n<p>Adem&aacute;s el primer mandatario hizo referencia a la calidad de las uvas, &ldquo;si hay  hect&aacute;reas que producen uvas de baja calidad, luego se transforman en vinos de la misma calidad, por lo que hay que realizar todos los esfuerzos para trabajar  para mejorar esta situaci&oacute;n&rdquo;.<\/p>\n<p>En sus palabras reconoci&oacute; el trabajo de Wines of Argentina por los logros obtenidos en &ldquo;mercados dif&iacute;ciles como Estados Unidos, especialmente en estados como Chicago, San Francisco, Nueva york, San Diego; en los cuales hay un reconocimiento de nuestros productos. Esto nos motiva y da m&aacute;s energ&iacute;as para seguir trabajando en esta l&iacute;nea y conquistar nuevos mercados como el asi&aacute;tico&rdquo;, manifest&oacute; P&eacute;rez.<\/p>\n<p>Para finalizar, felicit&oacute; a los organizadores y manifest&oacute; su apoyo a los trabajadores del sector vitivin&iacute;cola: &ldquo;Cuenten con este gobernador, como un trabajador incansable para potenciar nuestros vinos y productos tanto en el mercado externo como en el interno&rdquo;.<\/p>\n<p>&ldquo;Estamos en &eacute;poca de Vendimia y este tipo de eventos tambi&eacute;n nos enorgullece y engalana nuestra Fiesta, este es el camino para seguir construyendo juntos la Mendoza que queremos&rdquo;, concluy&oacute; Francisco Perez.<\/p>\n<p>En este encuentro, los especialistas de la industria vitivin&iacute;cola dividieron sus exposiciones y degustaciones en paneles vinculados al nuevo mundo y pa&iacute;ses tradicionales.<\/p>\n<p>En la apertura sumaron sus voces Alberto Arizu, presidente de Wines of Argentina y Jos&eacute;  Zucardi, presidente de la Uni&oacute;n Vitivin&iacute;cola Argentina.<\/p>\n<p>El ministro de Turismo de Mendoza, Javier Espina,  acompa&ntilde;o todo el encuentro, ya que esta instituci&oacute;n estatal apoy&oacute; la realizaci&oacute;n de este evento.<\/p>\n<\/body><\/html>\n","protected":false},"excerpt":{"rendered":"El gobernador de Mendoza particip&oacute; de la apertura de la 6&ordm; edici&oacute;n del Seminario Wine Awards organizado por Wines of Argentina y &Aacute;rea del Vino y reafirm&oacute; su compromiso con el sector y sus trabajadores. En sus palabras de apertura el gobernador destac&oacute; la importancia para la provincia de la visita de &ldquo;12 en&oacute;logos reconocidos&#8230; <a class=\"view-article\" href=\"https:\/\/www.mendoza.gov.ar\/prensa\/perez-dio-la-bienvenida-a-los-mas-destacados-enologos-del-mundo\/\"><\/a>","protected":false},"author":3,"featured_media":0,"comment_status":"closed","ping_status":"open","sticky":false,"template":"","format":"standard","meta":[],"categories":[19],"tags":[],"_links":{"self":[{"href":"https:\/\/www.mendoza.gov.ar\/prensa\/wp-json\/wp\/v2\/posts\/12078"}],"collection":[{"href":"https:\/\/www.mendoza.gov.ar\/prensa\/wp-json\/wp\/v2\/posts"}],"about":[{"href":"https:\/\/www.mendoza.gov.ar\/prensa\/wp-json\/wp\/v2\/types\/post"}],"author":[{"embeddable":true,"href":"https:\/\/www.mendoza.gov.ar\/prensa\/wp-json\/wp\/v2\/users\/3"}],"replies":[{"embeddable":true,"href":"https:\/\/www.mendoza.gov.ar\/prensa\/wp-json\/wp\/v2\/comments?post=12078"}],"version-history":[{"count":0,"href":"https:\/\/www.mendoza.gov.ar\/prensa\/wp-json\/wp\/v2\/posts\/12078\/revisions"}],"wp:attachment":[{"href":"https:\/\/www.mendoza.gov.ar\/prensa\/wp-json\/wp\/v2\/media?parent=12078"}],"wp:term":[{"taxonomy":"category","embeddable":true,"href":"https:\/\/www.mendoza.gov.ar\/prensa\/wp-json\/wp\/v2\/categories?post=12078"},{"taxonomy":"post_tag","embeddable":true,"href":"https:\/\/www.mendoza.gov.ar\/prensa\/wp-json\/wp\/v2\/tags?post=12078"}],"curies":[{"name":"wp","href":"https:\/\/api.w.org\/{rel}","templated":true}]}}