{"id":12090,"date":"2012-03-02T00:00:00","date_gmt":"2012-03-02T00:00:00","guid":{"rendered":"http:\/\/prensa.wp2.mendoza.gov.ar\/?p=12090"},"modified":"2012-03-02T00:00:00","modified_gmt":"2012-03-02T00:00:00","slug":"bordon-destaco-el-equilibrio-de-la-gestion-provincial","status":"publish","type":"post","link":"https:\/\/www.mendoza.gov.ar\/prensa\/bordon-destaco-el-equilibrio-de-la-gestion-provincial\/","title":{"rendered":"Bord\u00f3n destac\u00f3 el equilibrio de la gesti\u00f3n provincial"},"content":{"rendered":"<!DOCTYPE html PUBLIC \"-\/\/W3C\/\/DTD HTML 4.0 Transitional\/\/EN\" \"http:\/\/www.w3.org\/TR\/REC-html40\/loose.dtd\">\n<html><body><p>El ex gobernador Octavio Bord&oacute;n, destac&oacute; que la gesti&oacute;n provincial es equilibrada, tras hablar con el gobernador Francisco P&eacute;rez en la recepci&oacute;n que se realiz&oacute; en el Auditorio &Aacute;ngel Bustelo. En torno a la Fiesta de la Vendimia, el ex gobernador, Jos&eacute; Octavio Bord&oacute;n indic&oacute;: &ldquo;Es una fiesta de la cultura de Mendoza, es la pasi&oacute;n del pueblo alrededor del vino, el trabajo y el esfuerzo.<\/p>\n<p>Al llegar, convoc&oacute; la atenci&oacute;n del actual gobernador y de los embajadores de los pa&iacute;ses que visitan Mendoza: Colombia, Grecia, Rumania, Per&uacute;, Dinamarca, Taliandia, Eslovenia, Uruguay y Pakist&aacute;n y que acompa&ntilde;an al gobernador Francisco P&eacute;rez en esta Vendimia 2012.<\/p>\n\n<p><strong>Jos&eacute; Castillo, ex embajador de Guatemala en EE UU, Francisco P&eacute;rez y Jos&eacute; Octavio Bord&oacute;n<\/strong><\/p>\n<p>&ldquo;El Pilo&rdquo;, quien vino acompa&ntilde;ado por el ex embajador de Guatemala en Estados Unidos, Jos&eacute; Castillo, destac&oacute; el perfil del actual gobernador: &ldquo;Tiene principalmente tres virtudes. Es una persona abierta, que escucha, es capaz de tomar decisiones mesuradas o urgentes, seg&uacute;n lo requiera la situaci&oacute;n. Tambi&eacute;n dijo respecto a P&eacute;rez que est&aacute; balanceando muy bien dos cosas: los pedidos moderados a la Naci&oacute;n en el marco de un contexto federal y esta forma de gobernar le podr&aacute; dar la posibilidad de ayudar a crecer a los que menos tienen.<\/p>\n<\/body><\/html>\n","protected":false},"excerpt":{"rendered":"El ex gobernador Octavio Bord&oacute;n, destac&oacute; que la gesti&oacute;n provincial es equilibrada, tras hablar con el gobernador Francisco P&eacute;rez en la recepci&oacute;n que se realiz&oacute; en el Auditorio &Aacute;ngel Bustelo. En torno a la Fiesta de la Vendimia, el ex gobernador, Jos&eacute; Octavio Bord&oacute;n indic&oacute;: &ldquo;Es una fiesta de la cultura de Mendoza, es la&#8230; <a class=\"view-article\" href=\"https:\/\/www.mendoza.gov.ar\/prensa\/bordon-destaco-el-equilibrio-de-la-gestion-provincial\/\"><\/a>","protected":false},"author":3,"featured_media":0,"comment_status":"closed","ping_status":"open","sticky":false,"template":"","format":"standard","meta":[],"categories":[19],"tags":[],"_links":{"self":[{"href":"https:\/\/www.mendoza.gov.ar\/prensa\/wp-json\/wp\/v2\/posts\/12090"}],"collection":[{"href":"https:\/\/www.mendoza.gov.ar\/prensa\/wp-json\/wp\/v2\/posts"}],"about":[{"href":"https:\/\/www.mendoza.gov.ar\/prensa\/wp-json\/wp\/v2\/types\/post"}],"author":[{"embeddable":true,"href":"https:\/\/www.mendoza.gov.ar\/prensa\/wp-json\/wp\/v2\/users\/3"}],"replies":[{"embeddable":true,"href":"https:\/\/www.mendoza.gov.ar\/prensa\/wp-json\/wp\/v2\/comments?post=12090"}],"version-history":[{"count":0,"href":"https:\/\/www.mendoza.gov.ar\/prensa\/wp-json\/wp\/v2\/posts\/12090\/revisions"}],"wp:attachment":[{"href":"https:\/\/www.mendoza.gov.ar\/prensa\/wp-json\/wp\/v2\/media?parent=12090"}],"wp:term":[{"taxonomy":"category","embeddable":true,"href":"https:\/\/www.mendoza.gov.ar\/prensa\/wp-json\/wp\/v2\/categories?post=12090"},{"taxonomy":"post_tag","embeddable":true,"href":"https:\/\/www.mendoza.gov.ar\/prensa\/wp-json\/wp\/v2\/tags?post=12090"}],"curies":[{"name":"wp","href":"https:\/\/api.w.org\/{rel}","templated":true}]}}