{"id":12094,"date":"2012-03-03T00:00:00","date_gmt":"2012-03-03T00:00:00","guid":{"rendered":"http:\/\/prensa.wp2.mendoza.gov.ar\/?p=12094"},"modified":"2012-03-03T00:00:00","modified_gmt":"2012-03-03T00:00:00","slug":"el-gobernador-aseguro-que-trabajara-en-pos-de-la-integracion-de-los-productores","status":"publish","type":"post","link":"https:\/\/www.mendoza.gov.ar\/prensa\/el-gobernador-aseguro-que-trabajara-en-pos-de-la-integracion-de-los-productores\/","title":{"rendered":"El Gobernador asegur\u00f3 que trabajar\u00e1 en pos de la integraci\u00f3n de los productores"},"content":{"rendered":"<!DOCTYPE html PUBLIC \"-\/\/W3C\/\/DTD HTML 4.0 Transitional\/\/EN\" \"http:\/\/www.w3.org\/TR\/REC-html40\/loose.dtd\">\n<html><body><p>El gobernador Francisco P&eacute;rez anunci&oacute; hoy durante el desayuno de la Corporaci&oacute;n Vitivin&iacute;cola Argentina (COVIAR) la necesidad de fortalecer, a trav&eacute;s de la articulaci&oacute;n del sector p&uacute;blico y privado, la integraci&oacute;n de los productores y obreros con la creaci&oacute;n de puestos de trabajo y de la retribuci&oacute;n &ldquo;por su esfuerzo al primer eslab&oacute;n de la cadena productiva, al vi&ntilde;atero&rdquo;.<\/p>\n<p>El Gobernador asumi&oacute; este compromiso en pos de continuar avanzando con la visi&oacute;n y misi&oacute;n del Plan Estrat&eacute;gico Vitivin&iacute;cola Argentina 2020, es decir, de posicionar a la vitivinicultura entre las m&aacute;s destacadas del mundo y que los vinos mendocinos respondan a las necesidades de los consumidores, adem&aacute;s de ser valorados e identificados por su calidad.<\/p>\n<p>Este mensaje de integraci&oacute;n es sostenido por el Gobierno de Mendoza desde el inicio de la Gesti&oacute;n, ya que no s&oacute;lo el Gobernador, sino tambi&eacute;n sus colaboradores han mencionado en reiteradas ocasiones que este es el &uacute;nico camino para que los trabajadores puedan crecer y mejorar sus producciones. &ldquo;No voy a aceptar presiones de los que no quieren integrarse, ni tampoco de los que excluyen e incumplen leyes laborales para maximizar su rentabilidad&rdquo;, enfatiz&oacute; el mandatario mendocino.<\/p>\n<p>En pos de lograr estos objetivos Francisco P&eacute;rez anunci&oacute; que, desde el Ejecutivo, fortalecer&aacute;n la competitividad a trav&eacute;s de una l&iacute;nea de cr&eacute;dito destinada al canje de certificados fiscales por IVA exportaci&oacute;n, que ser&aacute;n otorgadas por el Fondo para la Transformaci&oacute;n y el Crecimiento (FTyC) y de Cuyo Aval.<\/p>\n<p>El objetivo de esta determinaci&oacute;n es otorgar cr&eacute;ditos de capital de trabajo de hasta $500 mil por empresa. Adem&aacute;s, a trav&eacute;s del FTyC tambi&eacute;n financiar&aacute;n un sistema de comercializaci&oacute;n para las peque&ntilde;as bodegas en los mercados de concentraci&oacute;n y no tradicionales.<\/p>\n<p>Durante el discurso el Gobernador tambi&eacute;n anunci&oacute; que est&aacute;n trabajando en una propuesta para licitar los permisos de aguas subterr&aacute;neas. Con el fin de que &ldquo;con los fondos obtenidos, crear un fideicomiso para financiar la tecnificaci&oacute;n de riego de los peque&ntilde;os productores&rdquo;.<\/p>\n<p>&ldquo;El financiamiento del riego agr&iacute;cola tiene que tener en cuenta la eficiencia del agua intra finca. Hasta ahora hemos invertido sumas millonarias en los canales principales, resta a&uacute;n optimizar el recurso h&iacute;drico de manera individual&rdquo;, resalt&oacute; P&eacute;rez.<\/p>\n<p>Adem&aacute;s, entre otras medidas, P&eacute;rez tambi&eacute;n anunci&oacute; que trabajar&aacute; en la implementaci&oacute;n de un seguro agr&iacute;cola obligatorio para paliar los da&ntilde;os que las inclemencias clim&aacute;ticas producen en las cosechas y que se tom&oacute; la determinaci&oacute;n de volver a recrear la figura del vino turista, ofreciendo en lugares autorizados para el consumo y expendio de bebidas alcoh&oacute;licas, un vino turista gen&eacute;rico y un vino turista varietal. Ambos ser&aacute;n de excelente calidad y tendr&aacute;n un valor de entre $18 y $25.<\/p>\n<p>En el desayuno de la COVIAR estuvieron los gobernadores de las provincias vitivin&iacute;colas Jos&eacute; Luis Gioja (San Juan), Luc&iacute;a Corpacci (Catamarca), Luis Beder Herrera (La Rioja) y el ministro de Agricultura, Ganader&iacute;a y Pesca de la Naci&oacute;n, Norberto Yahuar.<\/p>\n<p>Los convenios firmados con los gobernadores y la COVIAR son 3: Convenio Corporaci&oacute;n Vitivin&iacute;cola Argentina, Asociaci&oacute;n Ad Hoc de Peque&ntilde;os Productores y Banco de la Naci&oacute;n Argentina; Convenio Corporaci&oacute;n Vitivin&iacute;cola Argentina y Consejo Federal de Inversiones (que implica $4.100.000) y Acuerdos y Convenio Ministerio de Trabajo, Empleo y Seguridad Social de la Naci&oacute;n y la Provincia de Mendoza, en el marco del Plan &ldquo;M&aacute;s y Mejor Trabajo&rdquo;.<\/p>\n<p>En la web de COVIAR, est&aacute; el discurso de su presidente y el detalle de los convenios firmados.<\/p>\n\n<p>{becssg}Fotos_2012\/Vendimia_12\/Coviar{\/becssg}<\/p>\n<\/body><\/html>\n","protected":false},"excerpt":{"rendered":"El gobernador Francisco P&eacute;rez anunci&oacute; hoy durante el desayuno de la Corporaci&oacute;n Vitivin&iacute;cola Argentina (COVIAR) la necesidad de fortalecer, a trav&eacute;s de la articulaci&oacute;n del sector p&uacute;blico y privado, la integraci&oacute;n de los productores y obreros con la creaci&oacute;n de puestos de trabajo y de la retribuci&oacute;n &ldquo;por su esfuerzo al primer eslab&oacute;n de la&#8230; <a class=\"view-article\" href=\"https:\/\/www.mendoza.gov.ar\/prensa\/el-gobernador-aseguro-que-trabajara-en-pos-de-la-integracion-de-los-productores\/\"><\/a>","protected":false},"author":3,"featured_media":0,"comment_status":"closed","ping_status":"open","sticky":false,"template":"","format":"standard","meta":[],"categories":[19],"tags":[],"_links":{"self":[{"href":"https:\/\/www.mendoza.gov.ar\/prensa\/wp-json\/wp\/v2\/posts\/12094"}],"collection":[{"href":"https:\/\/www.mendoza.gov.ar\/prensa\/wp-json\/wp\/v2\/posts"}],"about":[{"href":"https:\/\/www.mendoza.gov.ar\/prensa\/wp-json\/wp\/v2\/types\/post"}],"author":[{"embeddable":true,"href":"https:\/\/www.mendoza.gov.ar\/prensa\/wp-json\/wp\/v2\/users\/3"}],"replies":[{"embeddable":true,"href":"https:\/\/www.mendoza.gov.ar\/prensa\/wp-json\/wp\/v2\/comments?post=12094"}],"version-history":[{"count":0,"href":"https:\/\/www.mendoza.gov.ar\/prensa\/wp-json\/wp\/v2\/posts\/12094\/revisions"}],"wp:attachment":[{"href":"https:\/\/www.mendoza.gov.ar\/prensa\/wp-json\/wp\/v2\/media?parent=12094"}],"wp:term":[{"taxonomy":"category","embeddable":true,"href":"https:\/\/www.mendoza.gov.ar\/prensa\/wp-json\/wp\/v2\/categories?post=12094"},{"taxonomy":"post_tag","embeddable":true,"href":"https:\/\/www.mendoza.gov.ar\/prensa\/wp-json\/wp\/v2\/tags?post=12094"}],"curies":[{"name":"wp","href":"https:\/\/api.w.org\/{rel}","templated":true}]}}