{"id":12106,"date":"2012-03-07T00:00:00","date_gmt":"2012-03-07T00:00:00","guid":{"rendered":"http:\/\/prensa.wp2.mendoza.gov.ar\/?p=12106"},"modified":"2012-03-07T00:00:00","modified_gmt":"2012-03-07T00:00:00","slug":"mendoza-tendra-un-parque-cientifico-en-malargue","status":"publish","type":"post","link":"https:\/\/www.mendoza.gov.ar\/prensa\/mendoza-tendra-un-parque-cientifico-en-malargue\/","title":{"rendered":"Mendoza tendr\u00e1 un parque cient\u00edfico en Malarg\u00fce"},"content":{"rendered":"<!DOCTYPE html PUBLIC \"-\/\/W3C\/\/DTD HTML 4.0 Transitional\/\/EN\" \"http:\/\/www.w3.org\/TR\/REC-html40\/loose.dtd\">\n<html><body><p>El gobernador Francisco P&eacute;rez y el secretario de Ambiente y Desarrollo Sustentable, Marcos Zandomeni, recibieron hoy mi&eacute;rcoles por la ma&ntilde;ana a  miembros de la ESA (European Space Agency ) e integrantes de la CONAE (Comisi&oacute;n Nacional de Actividades Espaciales) en Casa de Gobierno para declarar Parque Cient&iacute;fico en donde esta ubicada DS3 (Deep Space 3).<\/p>\n<p>P&eacute;rez se comprometi&oacute; a instrumentar las medidas necesarias para declarar, a trav&eacute;s de una Ley Provincial, Parque Cient&iacute;fico un &aacute;rea 10 km alrededor de la antena DS3, ubicada en el departamento de Malarg&uuml;e.<\/p>\n<p>De esta forma se proteger&aacute; la DS3 de todas las actividades que puedan alterar el funcionamiento de los relojes at&oacute;micos de la base, ya que la misma trabaja con una gran sensibilidad de detecci&oacute;n.<\/p>\n<p>Esta iniciativa tiene el apoyo del  Municipio de Malarg&uuml;e, la Secretar&iacute;a de Ambiente y la comunidad cient&iacute;fica.<\/p>\n<p>ESA, la empresa francesa que instal&oacute; la antena DS3 en Malarg&uuml;e, agradeci&oacute; al Gobernador el apoyo a este emprendimiento cient&iacute;fico de magnitudes internacionales.<\/p>\n<p>La DS3 es una antena de 35 metros de di&aacute;metro, 60 toneladas de peso y 40 metros de altura (equivalente a un edificio de 15 pisos) y forma parte de la subred &ldquo;Deep Space&rdquo; que env&iacute;a &oacute;rdenes y recibe resultado de naves enviadas a una distancia mayor a 2 millones de kil&oacute;metros de nuestro planeta.<\/p>\n<p>Adem&aacute;s controla 2 misiones espaciales Gaia Y ExoMars. En Australia y Espa&ntilde;a se encuentran los otros dos dispositivos.<\/p>\n<p>Por otra parte, el Gobierno se comprometi&oacute; a trabajar es en la pavimentaci&oacute;n de la Ruta Provincial 186, para facilitar el acceso al parque cient&iacute;fico.<\/p>\n\n<p>Antena DS3, ubicada en Malarg&uuml;e<\/p>\n<\/body><\/html>\n","protected":false},"excerpt":{"rendered":"El gobernador Francisco P&eacute;rez y el secretario de Ambiente y Desarrollo Sustentable, Marcos Zandomeni, recibieron hoy mi&eacute;rcoles por la ma&ntilde;ana a miembros de la ESA (European Space Agency ) e integrantes de la CONAE (Comisi&oacute;n Nacional de Actividades Espaciales) en Casa de Gobierno para declarar Parque Cient&iacute;fico en donde esta ubicada DS3 (Deep Space 3)&#8230;. <a class=\"view-article\" href=\"https:\/\/www.mendoza.gov.ar\/prensa\/mendoza-tendra-un-parque-cientifico-en-malargue\/\"><\/a>","protected":false},"author":3,"featured_media":0,"comment_status":"closed","ping_status":"open","sticky":false,"template":"","format":"standard","meta":[],"categories":[19],"tags":[],"_links":{"self":[{"href":"https:\/\/www.mendoza.gov.ar\/prensa\/wp-json\/wp\/v2\/posts\/12106"}],"collection":[{"href":"https:\/\/www.mendoza.gov.ar\/prensa\/wp-json\/wp\/v2\/posts"}],"about":[{"href":"https:\/\/www.mendoza.gov.ar\/prensa\/wp-json\/wp\/v2\/types\/post"}],"author":[{"embeddable":true,"href":"https:\/\/www.mendoza.gov.ar\/prensa\/wp-json\/wp\/v2\/users\/3"}],"replies":[{"embeddable":true,"href":"https:\/\/www.mendoza.gov.ar\/prensa\/wp-json\/wp\/v2\/comments?post=12106"}],"version-history":[{"count":0,"href":"https:\/\/www.mendoza.gov.ar\/prensa\/wp-json\/wp\/v2\/posts\/12106\/revisions"}],"wp:attachment":[{"href":"https:\/\/www.mendoza.gov.ar\/prensa\/wp-json\/wp\/v2\/media?parent=12106"}],"wp:term":[{"taxonomy":"category","embeddable":true,"href":"https:\/\/www.mendoza.gov.ar\/prensa\/wp-json\/wp\/v2\/categories?post=12106"},{"taxonomy":"post_tag","embeddable":true,"href":"https:\/\/www.mendoza.gov.ar\/prensa\/wp-json\/wp\/v2\/tags?post=12106"}],"curies":[{"name":"wp","href":"https:\/\/api.w.org\/{rel}","templated":true}]}}