{"id":12109,"date":"2012-03-08T00:00:00","date_gmt":"2012-03-08T00:00:00","guid":{"rendered":"http:\/\/prensa.wp2.mendoza.gov.ar\/?p=12109"},"modified":"2012-03-08T00:00:00","modified_gmt":"2012-03-08T00:00:00","slug":"perez-resalto-la-articulacion-entre-provincias-para-lograr-potencialidad-en-el-sector-olivicola","status":"publish","type":"post","link":"https:\/\/www.mendoza.gov.ar\/prensa\/perez-resalto-la-articulacion-entre-provincias-para-lograr-potencialidad-en-el-sector-olivicola\/","title":{"rendered":"P\u00e9rez resalt\u00f3 la articulaci\u00f3n entre provincias para lograr potencialidad en el sector oliv\u00edcola"},"content":{"rendered":"<!DOCTYPE html PUBLIC \"-\/\/W3C\/\/DTD HTML 4.0 Transitional\/\/EN\" \"http:\/\/www.w3.org\/TR\/REC-html40\/loose.dtd\">\n<html><body><p><\/p>\n<p>En el marco del acuerdo de intenci&oacute;n para la creaci&oacute;n del Instituto Nacional de Olivicultura, suscripto hoy por las provincias productoras oliv&iacute;colas, el gobernador de Mendoza Francisco P&eacute;rez, afirm&oacute; que &ldquo;estamos en la misma l&iacute;nea que mis amigos-compa&ntilde;eros gobernadores de provincias productoras&rdquo; y valor&oacute; que se lleve adelante una pol&iacute;tica de mayor promoci&oacute;n en el consumo interno para ganar mercados internacionales.<\/p>\n<p>P&eacute;rez manifest&oacute; que del mismo modo que se hizo con la vitivinicultura, hoy es el turno de la olivicultura, y puntualiz&oacute; que esto &ldquo;no solamente tiene que quedar plasmado en la ceraci&oacute;n de un instituto nacional que tendr&aacute; que ver con la organizaci&oacute;n del control, de la evaluaci&oacute;n y de la calidad, sino fundamentalmente con un plan estrat&eacute;gico para llevar adelante una pol&iacute;tica de mayor promoci&oacute;n en el consumo interno y de ganar mercados internacionales&rdquo;.<\/p>\n<p>Consider&oacute; que se debe estar atento a la situaci&oacute;n cr&iacute;tica que se est&aacute; viviendo en el mundo en materia de aceites de oliva, debido a que el principal productor mundial, Espa&ntilde;a, que produce un mill&oacute;n y medio de toneladas de aceite de oliva, hoy est&aacute; fuertemente subsidiado por su gobierno, &ldquo;lo cual impide que podamos llegar con nuestros productos a los mercados, por el subsidio y por el precio&rdquo;.<\/p>\n<p>Por lo tanto, destac&oacute; que &ldquo;sin lugar a dudas que esta articulaci&oacute;n entre gobiernos provinciales y gobierno nacional, nos va a dar la sinergia necesaria para lograr la potencialidad que precisan la aceituna de mesa y la producci&oacute;n industrial de aceite de oliva&rdquo;.<\/p>\n<p>El gobernador est&aacute; en La Rioja junto al gobernador anfitri&oacute;n,  Luis Beder Herrera, su&nbsp;par de San Juan Jos&eacute; Luis Gioja y el ministro de Producci&oacute;n de Catamarca, Miguel Mercado. Tambi&eacute;n acompa&ntilde;a a P&eacute;rez el ministro de Agricultura de la Naci&oacute;n, Norberto Yahuar y el ministro de Agroindustria y Tecnolog&iacute;a de Mendoza, Jos&eacute; Luis &Aacute;lvarez.<\/p>\n<p><strong>Yauhar: el acta intenci&oacute;n es un paso fundacional para el Instituto Nacional de Olivicultura<\/strong><\/p>\n<p>El ministro de Agricultura de la Naci&oacute;n, Noberto Yahuar, consider&oacute; que &ldquo;significa dar un paso fundacional para establecer un mecanismo que le sirva a toda la olivicultura, de la regi&oacute;n y nacional&rdquo;.<\/p>\n<p>&ldquo;Desde el gobierno nacional vamos a estar acompa&ntilde;ando, siguiendo, monitoreando y trabajando con estas herramientas que est&aacute;n requiriendo los gobernadores para que podamos llegar a la soluci&oacute;n m&aacute;s justa, que es la creaci&oacute;n de este instituto&rdquo;, expres&oacute;.<\/p>\n<p>Indic&oacute; Yauhar que a partir de ahora se inicia un proceso, en donde a trav&eacute;s de nuestros organismos propios, como el INTA o el Ministerio de Agricultura, empezamos con los trabajos de reunir la informaci&oacute;n necesaria y que ya la tienen los gobiernos provinciales, para darle forma a un proyecto que &ldquo;surge como una necesidad de los productores y que lo est&aacute;n plasmando pol&iacute;ticamente los gobernadores&rdquo;.<\/p>\n<p>Fuente: Prensa del Gobierno de La Rioja<\/p>\n<\/body><\/html>\n","protected":false},"excerpt":{"rendered":"En el marco del acuerdo de intenci&oacute;n para la creaci&oacute;n del Instituto Nacional de Olivicultura, suscripto hoy por las provincias productoras oliv&iacute;colas, el gobernador de Mendoza Francisco P&eacute;rez, afirm&oacute; que &ldquo;estamos en la misma l&iacute;nea que mis amigos-compa&ntilde;eros gobernadores de provincias productoras&rdquo; y valor&oacute; que se lleve adelante una pol&iacute;tica de mayor promoci&oacute;n en el&#8230; <a class=\"view-article\" href=\"https:\/\/www.mendoza.gov.ar\/prensa\/perez-resalto-la-articulacion-entre-provincias-para-lograr-potencialidad-en-el-sector-olivicola\/\"><\/a>","protected":false},"author":3,"featured_media":0,"comment_status":"closed","ping_status":"open","sticky":false,"template":"","format":"standard","meta":[],"categories":[19],"tags":[],"_links":{"self":[{"href":"https:\/\/www.mendoza.gov.ar\/prensa\/wp-json\/wp\/v2\/posts\/12109"}],"collection":[{"href":"https:\/\/www.mendoza.gov.ar\/prensa\/wp-json\/wp\/v2\/posts"}],"about":[{"href":"https:\/\/www.mendoza.gov.ar\/prensa\/wp-json\/wp\/v2\/types\/post"}],"author":[{"embeddable":true,"href":"https:\/\/www.mendoza.gov.ar\/prensa\/wp-json\/wp\/v2\/users\/3"}],"replies":[{"embeddable":true,"href":"https:\/\/www.mendoza.gov.ar\/prensa\/wp-json\/wp\/v2\/comments?post=12109"}],"version-history":[{"count":0,"href":"https:\/\/www.mendoza.gov.ar\/prensa\/wp-json\/wp\/v2\/posts\/12109\/revisions"}],"wp:attachment":[{"href":"https:\/\/www.mendoza.gov.ar\/prensa\/wp-json\/wp\/v2\/media?parent=12109"}],"wp:term":[{"taxonomy":"category","embeddable":true,"href":"https:\/\/www.mendoza.gov.ar\/prensa\/wp-json\/wp\/v2\/categories?post=12109"},{"taxonomy":"post_tag","embeddable":true,"href":"https:\/\/www.mendoza.gov.ar\/prensa\/wp-json\/wp\/v2\/tags?post=12109"}],"curies":[{"name":"wp","href":"https:\/\/api.w.org\/{rel}","templated":true}]}}