{"id":12130,"date":"2012-03-20T00:00:00","date_gmt":"2012-03-20T00:00:00","guid":{"rendered":"http:\/\/prensa.wp2.mendoza.gov.ar\/?p=12130"},"modified":"2012-03-20T00:00:00","modified_gmt":"2012-03-20T00:00:00","slug":"francisco-perez-asistio-a-una-reunion-con-el-ministro-julio-de-vido-en-buenos-aires","status":"publish","type":"post","link":"https:\/\/www.mendoza.gov.ar\/prensa\/francisco-perez-asistio-a-una-reunion-con-el-ministro-julio-de-vido-en-buenos-aires\/","title":{"rendered":"Francisco P\u00e9rez asisti\u00f3 a una reuni\u00f3n con el Ministro Julio de Vido en Buenos Aires"},"content":{"rendered":"<!DOCTYPE html PUBLIC \"-\/\/W3C\/\/DTD HTML 4.0 Transitional\/\/EN\" \"http:\/\/www.w3.org\/TR\/REC-html40\/loose.dtd\">\n<html><body><p>El martes 20 de marzo, en horas de la ma&ntilde;ana, el Gobernador de la Provincia, Francisco P&eacute;rez, asisti&oacute; a una reuni&oacute;n &nbsp;en Buenos Aires.<\/p>\n<p>All&iacute; debati&oacute; junto a el ministro de Planificaci&oacute;n Federal, Inversi&oacute;n P&uacute;blica y Servicios, Julio De Vido y otros funcionarios acerca de las acciones en conjunto que se tomar&aacute;n con respecto a la empresa Repsol YPF.<\/p>\n<\/body><\/html>\n","protected":false},"excerpt":{"rendered":"El martes 20 de marzo, en horas de la ma&ntilde;ana, el Gobernador de la Provincia, Francisco P&eacute;rez, asisti&oacute; a una reuni&oacute;n &nbsp;en Buenos Aires. All&iacute; debati&oacute; junto a el ministro de Planificaci&oacute;n Federal, Inversi&oacute;n P&uacute;blica y Servicios, Julio De Vido y otros funcionarios acerca de las acciones en conjunto que se tomar&aacute;n con respecto a&#8230; <a class=\"view-article\" href=\"https:\/\/www.mendoza.gov.ar\/prensa\/francisco-perez-asistio-a-una-reunion-con-el-ministro-julio-de-vido-en-buenos-aires\/\"><\/a>","protected":false},"author":3,"featured_media":0,"comment_status":"closed","ping_status":"open","sticky":false,"template":"","format":"standard","meta":[],"categories":[19],"tags":[],"_links":{"self":[{"href":"https:\/\/www.mendoza.gov.ar\/prensa\/wp-json\/wp\/v2\/posts\/12130"}],"collection":[{"href":"https:\/\/www.mendoza.gov.ar\/prensa\/wp-json\/wp\/v2\/posts"}],"about":[{"href":"https:\/\/www.mendoza.gov.ar\/prensa\/wp-json\/wp\/v2\/types\/post"}],"author":[{"embeddable":true,"href":"https:\/\/www.mendoza.gov.ar\/prensa\/wp-json\/wp\/v2\/users\/3"}],"replies":[{"embeddable":true,"href":"https:\/\/www.mendoza.gov.ar\/prensa\/wp-json\/wp\/v2\/comments?post=12130"}],"version-history":[{"count":0,"href":"https:\/\/www.mendoza.gov.ar\/prensa\/wp-json\/wp\/v2\/posts\/12130\/revisions"}],"wp:attachment":[{"href":"https:\/\/www.mendoza.gov.ar\/prensa\/wp-json\/wp\/v2\/media?parent=12130"}],"wp:term":[{"taxonomy":"category","embeddable":true,"href":"https:\/\/www.mendoza.gov.ar\/prensa\/wp-json\/wp\/v2\/categories?post=12130"},{"taxonomy":"post_tag","embeddable":true,"href":"https:\/\/www.mendoza.gov.ar\/prensa\/wp-json\/wp\/v2\/tags?post=12130"}],"curies":[{"name":"wp","href":"https:\/\/api.w.org\/{rel}","templated":true}]}}