{"id":12133,"date":"2012-03-21T00:00:00","date_gmt":"2012-03-21T00:00:00","guid":{"rendered":"http:\/\/prensa.wp2.mendoza.gov.ar\/?p=12133"},"modified":"2012-03-21T00:00:00","modified_gmt":"2012-03-21T00:00:00","slug":"los-vecinos-de-el-pozo-le-agradecieron-a-perez-su-preocupacion-por-su-condicion-de-vida","status":"publish","type":"post","link":"https:\/\/www.mendoza.gov.ar\/prensa\/los-vecinos-de-el-pozo-le-agradecieron-a-perez-su-preocupacion-por-su-condicion-de-vida\/","title":{"rendered":"Los vecinos de \u201cEl Pozo\u201d le agradecieron a P\u00e9rez su preocupaci\u00f3n por su condici\u00f3n de vida"},"content":{"rendered":"<!DOCTYPE html PUBLIC \"-\/\/W3C\/\/DTD HTML 4.0 Transitional\/\/EN\" \"http:\/\/www.w3.org\/TR\/REC-html40\/loose.dtd\">\n<html><body><p><\/p>\n<p>El gobernador Francisco P&eacute;rez visit&oacute; el basural llamado &ldquo;El Pozo&rdquo; junto a parte de su gabinete y los funcionarios del Banco Mundial que visitan Mendoza con el objetivo de mostrarles y contarles el proyecto de saneamiento que quiere llevar a cabo la Provincia.<\/p>\n<p>P&eacute;rez estuvo dialogando con los vecinos, quienes se mostraron muy agradecidos por la nueva visita del gobernador (es la segunda vez que se hace presente en el lugar) y le contaron  las mejoras que han experimentado desde que el Gobierno provincial comenz&oacute; a trabajar con ellos, en diciembre pasado.<\/p>\n<p>&ldquo;Es la primera vez que un gobernador viene a vernos, se preocupa por nosotros y nos ayuda&rdquo; dijo Mar&iacute;a P&eacute;rez, una de las mujeres que forman parte de las 160 familias que viven en &ldquo;El Pozo&rdquo; de Godoy Cruz.<\/p>\n<p>Mar&iacute;a y Estela Rosales, otra de las vecinas, contaron que la primera vez que los funcionarios los visitaron tuvieron miedo de quedarse sin trabajo, pero ahora se sienten m&aacute;s contenidos y agradecidos por la ayuda que est&aacute;n recibiendo.<\/p>\n<p>A lo que P&eacute;rez respondi&oacute;: &ldquo;Nosotros nos comprometimos a trabajar con ustedes y ofrecerles herramientas para que mejoraran su calidad de vida, y hoy queremos traerles m&aacute;s herramientas para que sigan mejorando&rdquo;.<\/p>\n<p>Los funcionarios internacionales conversaron con los vecinos y se interiorizaron de los problemas y necesidades del lugar, y, seg&uacute;n sus comentarios, se llevaron una buena impresi&oacute;n del trabajo que realiza el Gobierno.<\/p>\n<p>Luego, la comitiva se dirigi&oacute; hacia Maip&uacute;, para recorrer el canal San Mart&iacute;n.<\/p>\n<\/body><\/html>\n","protected":false},"excerpt":{"rendered":"El gobernador Francisco P&eacute;rez visit&oacute; el basural llamado &ldquo;El Pozo&rdquo; junto a parte de su gabinete y los funcionarios del Banco Mundial que visitan Mendoza con el objetivo de mostrarles y contarles el proyecto de saneamiento que quiere llevar a cabo la Provincia. P&eacute;rez estuvo dialogando con los vecinos, quienes se mostraron muy agradecidos por&#8230; <a class=\"view-article\" href=\"https:\/\/www.mendoza.gov.ar\/prensa\/los-vecinos-de-el-pozo-le-agradecieron-a-perez-su-preocupacion-por-su-condicion-de-vida\/\"><\/a>","protected":false},"author":3,"featured_media":0,"comment_status":"closed","ping_status":"open","sticky":false,"template":"","format":"standard","meta":[],"categories":[19],"tags":[],"_links":{"self":[{"href":"https:\/\/www.mendoza.gov.ar\/prensa\/wp-json\/wp\/v2\/posts\/12133"}],"collection":[{"href":"https:\/\/www.mendoza.gov.ar\/prensa\/wp-json\/wp\/v2\/posts"}],"about":[{"href":"https:\/\/www.mendoza.gov.ar\/prensa\/wp-json\/wp\/v2\/types\/post"}],"author":[{"embeddable":true,"href":"https:\/\/www.mendoza.gov.ar\/prensa\/wp-json\/wp\/v2\/users\/3"}],"replies":[{"embeddable":true,"href":"https:\/\/www.mendoza.gov.ar\/prensa\/wp-json\/wp\/v2\/comments?post=12133"}],"version-history":[{"count":0,"href":"https:\/\/www.mendoza.gov.ar\/prensa\/wp-json\/wp\/v2\/posts\/12133\/revisions"}],"wp:attachment":[{"href":"https:\/\/www.mendoza.gov.ar\/prensa\/wp-json\/wp\/v2\/media?parent=12133"}],"wp:term":[{"taxonomy":"category","embeddable":true,"href":"https:\/\/www.mendoza.gov.ar\/prensa\/wp-json\/wp\/v2\/categories?post=12133"},{"taxonomy":"post_tag","embeddable":true,"href":"https:\/\/www.mendoza.gov.ar\/prensa\/wp-json\/wp\/v2\/tags?post=12133"}],"curies":[{"name":"wp","href":"https:\/\/api.w.org\/{rel}","templated":true}]}}