{"id":12148,"date":"2012-03-30T00:00:00","date_gmt":"2012-03-30T00:00:00","guid":{"rendered":"http:\/\/prensa.wp2.mendoza.gov.ar\/?p=12148"},"modified":"2012-03-30T00:00:00","modified_gmt":"2012-03-30T00:00:00","slug":"perez-recibio-a-la-familia-de-benedicto-ortiz","status":"publish","type":"post","link":"https:\/\/www.mendoza.gov.ar\/prensa\/perez-recibio-a-la-familia-de-benedicto-ortiz\/","title":{"rendered":"P\u00e9rez recibi\u00f3 a la familia de Benedicto Ort\u00edz"},"content":{"rendered":"<!DOCTYPE html PUBLIC \"-\/\/W3C\/\/DTD HTML 4.0 Transitional\/\/EN\" \"http:\/\/www.w3.org\/TR\/REC-html40\/loose.dtd\">\n<html><body><p>El gobernador Francisco P&eacute;rez recibi&oacute; en su despacho a Blanca Cristina Villegas, Ra&uacute;l Ignacio y Ana del Carmen Ortiz, viuda e hijos de Benedicto Ortiz, quien perdi&oacute; la vida durante una manifestaci&oacute;n en reclamo por el retorno de la democracia el 30 de marzo de 1982.<\/p>\n<p>Ort&iacute;z fue secretario general del gremio minero y participaba de una marcha organizada por la CGT cuando en calles Patricias Mendocinas y Mitre de la Ciudad de Mendoza, fue alcanzado por balas disparadas desde Pedro Molina por efectivos militares.<\/p>\n<p>Durante la reuni&oacute;n Francisco P&eacute;rez expres&oacute; su deseo de homenajear al gremialista con una obra art&iacute;stica que colocar&aacute;n en Casa de Gobierno. Acompa&ntilde;aba a los familiares del obrero el secretario general de ATSA, Juan Carlos Navarro.<\/p>\n<\/body><\/html>\n","protected":false},"excerpt":{"rendered":"El gobernador Francisco P&eacute;rez recibi&oacute; en su despacho a Blanca Cristina Villegas, Ra&uacute;l Ignacio y Ana del Carmen Ortiz, viuda e hijos de Benedicto Ortiz, quien perdi&oacute; la vida durante una manifestaci&oacute;n en reclamo por el retorno de la democracia el 30 de marzo de 1982. Ort&iacute;z fue secretario general del gremio minero y participaba&#8230; <a class=\"view-article\" href=\"https:\/\/www.mendoza.gov.ar\/prensa\/perez-recibio-a-la-familia-de-benedicto-ortiz\/\"><\/a>","protected":false},"author":3,"featured_media":0,"comment_status":"closed","ping_status":"open","sticky":false,"template":"","format":"standard","meta":[],"categories":[19],"tags":[],"_links":{"self":[{"href":"https:\/\/www.mendoza.gov.ar\/prensa\/wp-json\/wp\/v2\/posts\/12148"}],"collection":[{"href":"https:\/\/www.mendoza.gov.ar\/prensa\/wp-json\/wp\/v2\/posts"}],"about":[{"href":"https:\/\/www.mendoza.gov.ar\/prensa\/wp-json\/wp\/v2\/types\/post"}],"author":[{"embeddable":true,"href":"https:\/\/www.mendoza.gov.ar\/prensa\/wp-json\/wp\/v2\/users\/3"}],"replies":[{"embeddable":true,"href":"https:\/\/www.mendoza.gov.ar\/prensa\/wp-json\/wp\/v2\/comments?post=12148"}],"version-history":[{"count":0,"href":"https:\/\/www.mendoza.gov.ar\/prensa\/wp-json\/wp\/v2\/posts\/12148\/revisions"}],"wp:attachment":[{"href":"https:\/\/www.mendoza.gov.ar\/prensa\/wp-json\/wp\/v2\/media?parent=12148"}],"wp:term":[{"taxonomy":"category","embeddable":true,"href":"https:\/\/www.mendoza.gov.ar\/prensa\/wp-json\/wp\/v2\/categories?post=12148"},{"taxonomy":"post_tag","embeddable":true,"href":"https:\/\/www.mendoza.gov.ar\/prensa\/wp-json\/wp\/v2\/tags?post=12148"}],"curies":[{"name":"wp","href":"https:\/\/api.w.org\/{rel}","templated":true}]}}