{"id":12158,"date":"2012-04-12T00:00:00","date_gmt":"2012-04-12T00:00:00","guid":{"rendered":"http:\/\/prensa.wp2.mendoza.gov.ar\/?p=12158"},"modified":"2012-04-12T00:00:00","modified_gmt":"2012-04-12T00:00:00","slug":"el-gobernador-francisco-perez-en-buenos-aires-participara-de-la-reunion-de-la-ofephi","status":"publish","type":"post","link":"https:\/\/www.mendoza.gov.ar\/prensa\/el-gobernador-francisco-perez-en-buenos-aires-participara-de-la-reunion-de-la-ofephi\/","title":{"rendered":"El gobernador Francisco P\u00e9rez en Buenos Aires participar\u00e1 de la reuni\u00f3n de la Ofephi"},"content":{"rendered":"<!DOCTYPE html PUBLIC \"-\/\/W3C\/\/DTD HTML 4.0 Transitional\/\/EN\" \"http:\/\/www.w3.org\/TR\/REC-html40\/loose.dtd\">\n<html><body><p>El gobernador Francisco P&eacute;rez viajar&aacute; ma&ntilde;ana a Buenos Aires a la reuni&oacute;n de gobernadores de la Organizaci&oacute;n Federal de Estados Productores de Hidrocarburos (Ofephi) que se realizar&aacute; a las 17 en la Sede del Ministerio de Planificaci&oacute;nen Capital Federal. <\/p>\n<p>Luego, desde Ezeiza, partir&aacute; a Dubai (Emiratos Arabes), donde arribar&aacute; el viernes por la noche.  All&iacute; estar&aacute; hasta el lunes cuando parta a Singapur para participar de la feria Food &amp; Hotels (FHA  Asia).<\/p>\n<p> El martes 17 llegar&aacute; a Estados Unidos para participar de las celebraciones por el D&iacute;a Mundial del Malbec en Nueva York y Washington (ampliaremos).<\/p>\n<\/body><\/html>\n","protected":false},"excerpt":{"rendered":"El gobernador Francisco P&eacute;rez viajar&aacute; ma&ntilde;ana a Buenos Aires a la reuni&oacute;n de gobernadores de la Organizaci&oacute;n Federal de Estados Productores de Hidrocarburos (Ofephi) que se realizar&aacute; a las 17 en la Sede del Ministerio de Planificaci&oacute;nen Capital Federal. Luego, desde Ezeiza, partir&aacute; a Dubai (Emiratos Arabes), donde arribar&aacute; el viernes por la noche. All&iacute;&#8230; <a class=\"view-article\" href=\"https:\/\/www.mendoza.gov.ar\/prensa\/el-gobernador-francisco-perez-en-buenos-aires-participara-de-la-reunion-de-la-ofephi\/\"><\/a>","protected":false},"author":3,"featured_media":0,"comment_status":"closed","ping_status":"open","sticky":false,"template":"","format":"standard","meta":[],"categories":[19],"tags":[],"_links":{"self":[{"href":"https:\/\/www.mendoza.gov.ar\/prensa\/wp-json\/wp\/v2\/posts\/12158"}],"collection":[{"href":"https:\/\/www.mendoza.gov.ar\/prensa\/wp-json\/wp\/v2\/posts"}],"about":[{"href":"https:\/\/www.mendoza.gov.ar\/prensa\/wp-json\/wp\/v2\/types\/post"}],"author":[{"embeddable":true,"href":"https:\/\/www.mendoza.gov.ar\/prensa\/wp-json\/wp\/v2\/users\/3"}],"replies":[{"embeddable":true,"href":"https:\/\/www.mendoza.gov.ar\/prensa\/wp-json\/wp\/v2\/comments?post=12158"}],"version-history":[{"count":0,"href":"https:\/\/www.mendoza.gov.ar\/prensa\/wp-json\/wp\/v2\/posts\/12158\/revisions"}],"wp:attachment":[{"href":"https:\/\/www.mendoza.gov.ar\/prensa\/wp-json\/wp\/v2\/media?parent=12158"}],"wp:term":[{"taxonomy":"category","embeddable":true,"href":"https:\/\/www.mendoza.gov.ar\/prensa\/wp-json\/wp\/v2\/categories?post=12158"},{"taxonomy":"post_tag","embeddable":true,"href":"https:\/\/www.mendoza.gov.ar\/prensa\/wp-json\/wp\/v2\/tags?post=12158"}],"curies":[{"name":"wp","href":"https:\/\/api.w.org\/{rel}","templated":true}]}}