{"id":12160,"date":"2012-04-18T00:00:00","date_gmt":"2012-04-18T00:00:00","guid":{"rendered":"http:\/\/prensa.wp2.mendoza.gov.ar\/?p=12160"},"modified":"2012-04-18T00:00:00","modified_gmt":"2012-04-18T00:00:00","slug":"dia-mundial-del-malbec-perez-estara-en-los-festejos-de-nueva-york","status":"publish","type":"post","link":"https:\/\/www.mendoza.gov.ar\/prensa\/dia-mundial-del-malbec-perez-estara-en-los-festejos-de-nueva-york\/","title":{"rendered":"D\u00eda Mundial del Malbec: P\u00e9rez estar\u00e1 en los festejos de Nueva York"},"content":{"rendered":"<!DOCTYPE html PUBLIC \"-\/\/W3C\/\/DTD HTML 4.0 Transitional\/\/EN\" \"http:\/\/www.w3.org\/TR\/REC-html40\/loose.dtd\">\n<html><body><p><\/p>\n<p><\/p>\n<p>Malbec World Day. One Day, One Celebration, One Global Superstar indica la web de la segunda edici&oacute;n del D&iacute;a Mundial del Malbec (https:\/\/www.malbecworldday.com\/index.php\/news), que comenz&oacute; ayer y continuar&aacute; durante los pr&oacute;ximos d&iacute;as.<\/p>\n<p>La celebraci&oacute;n apunta a seguir promocionando la imagen del vino argentino en el mundo. De los festejos en Nueva York participar&aacute; el gobernador Francisco P&eacute;rez, junto al ministro de Turismo, Javier Espina; el secretario General, Legal y T&eacute;cnico, Francisco Garc&iacute;a Iba&ntilde;ez.<\/p>\n<p>Despu&eacute;s de encabezar la misi&oacute;n comercial en Emiratos &Aacute;rabes y en Singapur, el gobernador llega hoy a Nueva York y desde ma&ntilde;ana a las 8.30 desplegar&aacute; una intensa agenda oficial. A esa hora habr&aacute; un desayuno en Council de las Am&eacute;ricas, donde asistir&aacute;n unas 20 personas vinculadas al mundo bancario y fondos de inversi&oacute;n. Ser&aacute; una oportunidad para presentar el bono y financiamiento de Mendoza. Adem&aacute;s de los encuentros financieros, tambi&eacute;n est&aacute; previsto que la comitiva mendocina mantenga contactos con operadores tur&iacute;sticos para promocionar nuestro destino.<\/p>\n<p>La agenda del gobernador continuar&aacute; a las 17.30 P&eacute;rez con una conferencia de prensa por el D&iacute;a Internacional del Malbec, en el Museo Guggenheim de Nueva York. Despu&eacute;s de las palabras de bienvenida de las autoridades consulares y de representantes de Wines of Argentina, se espera que el gobernador de la principal provincia vitivin&iacute;cola argentina se refiera a la evoluci&oacute;n del sector en los &uacute;ltimos a&ntilde;os y el crecimiento de las exportaciones a nivel mundial, as&iacute; como testimonios y estad&iacute;sticas que fundamenten nuestra posici&oacute;n de privilegio en la materia.<\/p>\n<p>Puntualmente a las 18.30 comenzar&aacute; el evento del D&iacute;a Internacional del Malbec que se extender&aacute; por unas tres horas. Habr&aacute; unos 400 invitados a quienes se les ofrecer&aacute; tres etiquetas de cada una de las 20 empresas participantes.<\/p>\n<p>El viernes (20 de abril), el gobernador se trasladar&aacute; por v&iacute;a terrestre a Washington DC para participar de esta celebraci&oacute;n del D&iacute;a Internacional del Malbec en la embajada Argentina. All&iacute; 10 bodegas ofrecer&aacute;n 4 etiquetas cada una, a unos 250 invitados VIP. El s&aacute;bado 21, el gobernador regresar&aacute; a Mendoza.<\/p>\n<p><strong>Nuestro varietal insignia<\/strong><\/p>\n<p>Seg&uacute;n informa Wines of Argentina -entidad responsable de la marca Vino Argentino en el mundo- est&aacute;n previstas celebraciones en Washington, Los &Aacute;ngeles y Seattle (EE.UU); Ottawa, Toronto y Vancouver (Canad&aacute;); Reino Unido, Holanda, Colombia, Per&uacute;, M&eacute;xico, Brasil, Costa Rica y Buenos Aires.. Estas actividades est&aacute;n orientadas a fortalecer el posicionamiento del Malbec como punta de lanza para abrir nuevos mercados, ya que se trata de uno de los varietales que m&aacute;s ingresos por exportaciones genera.<\/p>\n<p>En 2011 crecieron un 11,4% respecto de 2010, en tanto que la exportaci&oacute;n de vinos de alta gama creci&oacute; un 32,2% para el segmento entre u$s 40 y u$s 90, y un 40,7% para los de m&aacute;s de u$s 90.<\/p>\n<p>Desde 1993 Wines of Argentina promueve la imagen de los vinos locales en el exterior, adem&aacute;s de ayudar a orientar la estrategia exportadora de Argentina, estudiando y analizando los cambios que se dan en los mercados de consumo. Su objetivo es colaborar en la consolidaci&oacute;n de Argentina entre los principales pa&iacute;ses exportadores de vino del mundo y contribuir al &eacute;xito global de la industria vitivin&iacute;cola.<\/p>\n<p><strong>Una celebraci&oacute;n internacional<\/strong><\/p>\n<p>Esta segunda celebraci&oacute;n del Malbec World Day, cuyo objetivo es continuar instaurando el Malbec Argentino -nuestra cepa insignia- como referente &uacute;nico de Argentina y del mundo tiene como escenarios:<\/p>\n<p>ARGENTINA<\/p>\n<p>Buenos Aires<\/p>\n<p>ESTADOS UNIDOS<\/p>\n<p>Washington<\/p>\n<p>Los Angeles<\/p>\n<p>Seattle<\/p>\n<p>Miami<\/p>\n<p>New York<\/p>\n<p>CANAD&Aacute;<\/p>\n<p>Ottawa<\/p>\n<p>Toronto<\/p>\n<p>Vancouver<\/p>\n<p>Victoria<\/p>\n<p>REINO UNIDO<\/p>\n<p>Londres y todo el pa&iacute;s a trav&eacute;s de promociones en las principales tiendas de vinos (m&aacute;s de 250 tiendas, bares y restaurantes en todo Reino Unido).<\/p>\n<p>HOLANDA<\/p>\n<p>Promoci&oacute;n en las 25 principales tiendas de vinos en toda Holanda.<\/p>\n<p>COLOMBIA<\/p>\n<p>Todo el pa&iacute;s a trav&eacute;s del grupo &Eacute;xito.<\/p>\n<p>Eventos en Bogot&aacute;.<\/p>\n<p>PER&Uacute;<\/p>\n<p>Todo el pa&iacute;s a trav&eacute;s de la Cadena Vivanda.<\/p>\n<p>M&Eacute;XICO<\/p>\n<p>M&eacute;xico D.F.<\/p>\n<p>Punta Mita<\/p>\n<p>Todo el pa&iacute;s a trav&eacute;s de la tienda La Europea<\/p>\n<p>BRASIL<\/p>\n<p>San Pablo<\/p>\n<p>R&iacute;o de Janeiro<\/p>\n<\/body><\/html>\n","protected":false},"excerpt":{"rendered":"Malbec World Day. One Day, One Celebration, One Global Superstar indica la web de la segunda edici&oacute;n del D&iacute;a Mundial del Malbec (https:\/\/www.malbecworldday.com\/index.php\/news), que comenz&oacute; ayer y continuar&aacute; durante los pr&oacute;ximos d&iacute;as. La celebraci&oacute;n apunta a seguir promocionando la imagen del vino argentino en el mundo. De los festejos en Nueva York participar&aacute; el gobernador&#8230; <a class=\"view-article\" href=\"https:\/\/www.mendoza.gov.ar\/prensa\/dia-mundial-del-malbec-perez-estara-en-los-festejos-de-nueva-york\/\"><\/a>","protected":false},"author":3,"featured_media":0,"comment_status":"closed","ping_status":"open","sticky":false,"template":"","format":"standard","meta":[],"categories":[19],"tags":[],"_links":{"self":[{"href":"https:\/\/www.mendoza.gov.ar\/prensa\/wp-json\/wp\/v2\/posts\/12160"}],"collection":[{"href":"https:\/\/www.mendoza.gov.ar\/prensa\/wp-json\/wp\/v2\/posts"}],"about":[{"href":"https:\/\/www.mendoza.gov.ar\/prensa\/wp-json\/wp\/v2\/types\/post"}],"author":[{"embeddable":true,"href":"https:\/\/www.mendoza.gov.ar\/prensa\/wp-json\/wp\/v2\/users\/3"}],"replies":[{"embeddable":true,"href":"https:\/\/www.mendoza.gov.ar\/prensa\/wp-json\/wp\/v2\/comments?post=12160"}],"version-history":[{"count":0,"href":"https:\/\/www.mendoza.gov.ar\/prensa\/wp-json\/wp\/v2\/posts\/12160\/revisions"}],"wp:attachment":[{"href":"https:\/\/www.mendoza.gov.ar\/prensa\/wp-json\/wp\/v2\/media?parent=12160"}],"wp:term":[{"taxonomy":"category","embeddable":true,"href":"https:\/\/www.mendoza.gov.ar\/prensa\/wp-json\/wp\/v2\/categories?post=12160"},{"taxonomy":"post_tag","embeddable":true,"href":"https:\/\/www.mendoza.gov.ar\/prensa\/wp-json\/wp\/v2\/tags?post=12160"}],"curies":[{"name":"wp","href":"https:\/\/api.w.org\/{rel}","templated":true}]}}