{"id":121625,"date":"2018-01-23T13:40:45","date_gmt":"2018-01-23T16:40:45","guid":{"rendered":"http:\/\/prensa.wp1.mendoza.gov.ar\/?p=121625"},"modified":"2018-01-23T15:57:10","modified_gmt":"2018-01-23T18:57:10","slug":"se-realizo-la-audiencia-publica-informativa-de-asociacion-villa-el-carrizal","status":"publish","type":"post","link":"https:\/\/www.mendoza.gov.ar\/prensa\/se-realizo-la-audiencia-publica-informativa-de-asociacion-villa-el-carrizal\/","title":{"rendered":"Se realiz\u00f3 la audiencia p\u00fablica informativa de la Asociaci\u00f3n Villa El Carrizal"},"content":{"rendered":"<!DOCTYPE html PUBLIC \"-\/\/W3C\/\/DTD HTML 4.0 Transitional\/\/EN\" \"http:\/\/www.w3.org\/TR\/REC-html40\/loose.dtd\">\n<html><body><p>Los usuarios del servicio de agua potable del distrito El Carrizal,&nbsp;Luj&aacute;n de Cuyo, participaron el &uacute;ltimo viernes 15 de diciembre en la Audiencia P&uacute;blica Informativa convocada por el Ente Provincial del Agua&nbsp;y de Saneamiento.<\/p>\n<p>La instancia se origin&oacute; en la aprobaci&oacute;n reciente, por parte del&nbsp;organismo regulador, de la ampliaci&oacute;n del &aacute;rea servida del operador&nbsp;Asociaci&oacute;n Villa El Carrizal, que incorpora a su servicio los barrios&nbsp;Portal del Lago I y II.<\/p>\n<p>La reuni&oacute;n tuvo lugar en la Delegaci&oacute;n Municipal de la ruta 16 s\/n,&nbsp;Carrizal de Abajo. En ella, t&eacute;cnicos del EPAS explicaron a los vecinos&nbsp;aspectos, legales, tarifarios y t&eacute;cnicos de una medida que apunta a mejorar, dar previsibilidad y continuidad al servicio domiciliario de agua de consumo humano en la zona.<\/p>\n<p><img loading=\"lazy\" class=\"alignnone wp-image-121626 img-responsive center-block\" src=\"https:\/\/www.mendoza.gov.ar\/prensa\/wp-content\/uploads\/sites\/5\/2018\/01\/IMG-20171218-WA0007-250x444.jpg\" alt=\"\" width=\"650\" height=\"1155\" srcset=\"https:\/\/www.mendoza.gov.ar\/wp-content\/uploads\/sites\/5\/2018\/01\/IMG-20171218-WA0007-250x444.jpg 250w, https:\/\/www.mendoza.gov.ar\/wp-content\/uploads\/sites\/5\/2018\/01\/IMG-20171218-WA0007-120x213.jpg 120w, https:\/\/www.mendoza.gov.ar\/wp-content\/uploads\/sites\/5\/2018\/01\/IMG-20171218-WA0007.jpg 581w\" sizes=\"(max-width: 650px) 100vw, 650px\"><\/p>\n<\/body><\/html>\n","protected":false},"excerpt":{"rendered":"Los usuarios del servicio de agua potable del distrito El Carrizal,&nbsp;Luj&aacute;n de Cuyo, participaron el &uacute;ltimo viernes 15 de diciembre en la Audiencia P&uacute;blica Informativa convocada por el Ente Provincial del Agua&nbsp;y de Saneamiento. La instancia se origin&oacute; en la aprobaci&oacute;n reciente, por parte del&nbsp;organismo regulador, de la ampliaci&oacute;n del &aacute;rea servida del operador&nbsp;Asociaci&oacute;n Villa&#8230; <a class=\"view-article\" href=\"https:\/\/www.mendoza.gov.ar\/prensa\/se-realizo-la-audiencia-publica-informativa-de-asociacion-villa-el-carrizal\/\"><\/a>","protected":false},"author":77,"featured_media":121626,"comment_status":"open","ping_status":"open","sticky":false,"template":"","format":"standard","meta":[],"categories":[34],"tags":[],"_links":{"self":[{"href":"https:\/\/www.mendoza.gov.ar\/prensa\/wp-json\/wp\/v2\/posts\/121625"}],"collection":[{"href":"https:\/\/www.mendoza.gov.ar\/prensa\/wp-json\/wp\/v2\/posts"}],"about":[{"href":"https:\/\/www.mendoza.gov.ar\/prensa\/wp-json\/wp\/v2\/types\/post"}],"author":[{"embeddable":true,"href":"https:\/\/www.mendoza.gov.ar\/prensa\/wp-json\/wp\/v2\/users\/77"}],"replies":[{"embeddable":true,"href":"https:\/\/www.mendoza.gov.ar\/prensa\/wp-json\/wp\/v2\/comments?post=121625"}],"version-history":[{"count":3,"href":"https:\/\/www.mendoza.gov.ar\/prensa\/wp-json\/wp\/v2\/posts\/121625\/revisions"}],"predecessor-version":[{"id":121660,"href":"https:\/\/www.mendoza.gov.ar\/prensa\/wp-json\/wp\/v2\/posts\/121625\/revisions\/121660"}],"wp:featuredmedia":[{"embeddable":true,"href":"https:\/\/www.mendoza.gov.ar\/prensa\/wp-json\/wp\/v2\/media\/121626"}],"wp:attachment":[{"href":"https:\/\/www.mendoza.gov.ar\/prensa\/wp-json\/wp\/v2\/media?parent=121625"}],"wp:term":[{"taxonomy":"category","embeddable":true,"href":"https:\/\/www.mendoza.gov.ar\/prensa\/wp-json\/wp\/v2\/categories?post=121625"},{"taxonomy":"post_tag","embeddable":true,"href":"https:\/\/www.mendoza.gov.ar\/prensa\/wp-json\/wp\/v2\/tags?post=121625"}],"curies":[{"name":"wp","href":"https:\/\/api.w.org\/{rel}","templated":true}]}}